{"id":10059,"date":"2023-09-25T01:02:55","date_gmt":"2023-09-24T23:02:55","guid":{"rendered":"https:\/\/www.gfs-umweltausschuss.de\/?p=10059"},"modified":"2023-09-25T01:02:55","modified_gmt":"2023-09-24T23:02:55","slug":"arbeitseinsatz-im-schulgarten-40","status":"publish","type":"post","link":"https:\/\/www.gfs-umweltausschuss.de\/?p=10059","title":{"rendered":"Arbeitseinsatz im Schulgarten"},"content":{"rendered":"<p><a href=\"https:\/\/www.gfs-umweltausschuss.de\/wp-content\/uploads\/230921_Schulgarten-72.jpg\" target=\"_blank\" rel=\"noopener\"><img loading=\"lazy\" decoding=\"async\" class=\"aligncenter wp-image-10060\" src=\"https:\/\/www.gfs-umweltausschuss.de\/wp-content\/uploads\/230921_Schulgarten-72-150x150.jpg\" alt=\"\" width=\"120\" height=\"120\" \/><\/a>Es war ein toller Nachmittag: Das Loch f\u00fcr unseren zuk\u00fcnftigen Hirschk\u00e4fermeiler ist sozusagen fertig, ein weiterer Teil der Teichoberfl\u00e4che ist wieder sichtbar und zum Abschluss gab es leckere Lagerfeuer-Kartoffeln. Beide Daumen hoch!<\/p>\n","protected":false},"excerpt":{"rendered":"<p>Es war ein toller Nachmittag: Das Loch f\u00fcr unseren zuk\u00fcnftigen Hirschk\u00e4fermeiler ist sozusagen fertig, ein weiterer Teil der Teichoberfl\u00e4che ist wieder sichtbar und zum Abschluss gab es leckere Lagerfeuer-Kartoffeln. Beide Daumen hoch!<\/p>\n","protected":false},"author":3,"featured_media":0,"comment_status":"open","ping_status":"closed","sticky":false,"template":"","format":"standard","meta":{"footnotes":""},"categories":[14,9,4],"tags":[],"class_list":["post-10059","post","type-post","status-publish","format-standard","hentry","category-naturpark-duemmer","category-schulgarten","category-umweltaktionen"],"_links":{"self":[{"href":"https:\/\/www.gfs-umweltausschuss.de\/index.php?rest_route=\/wp\/v2\/posts\/10059","targetHints":{"allow":["GET"]}}],"collection":[{"href":"https:\/\/www.gfs-umweltausschuss.de\/index.php?rest_route=\/wp\/v2\/posts"}],"about":[{"href":"https:\/\/www.gfs-umweltausschuss.de\/index.php?rest_route=\/wp\/v2\/types\/post"}],"author":[{"embeddable":true,"href":"https:\/\/www.gfs-umweltausschuss.de\/index.php?rest_route=\/wp\/v2\/users\/3"}],"replies":[{"embeddable":true,"href":"https:\/\/www.gfs-umweltausschuss.de\/index.php?rest_route=%2Fwp%2Fv2%2Fcomments&post=10059"}],"version-history":[{"count":1,"href":"https:\/\/www.gfs-umweltausschuss.de\/index.php?rest_route=\/wp\/v2\/posts\/10059\/revisions"}],"predecessor-version":[{"id":10061,"href":"https:\/\/www.gfs-umweltausschuss.de\/index.php?rest_route=\/wp\/v2\/posts\/10059\/revisions\/10061"}],"wp:attachment":[{"href":"https:\/\/www.gfs-umweltausschuss.de\/index.php?rest_route=%2Fwp%2Fv2%2Fmedia&parent=10059"}],"wp:term":[{"taxonomy":"category","embeddable":true,"href":"https:\/\/www.gfs-umweltausschuss.de\/index.php?rest_route=%2Fwp%2Fv2%2Fcategories&post=10059"},{"taxonomy":"post_tag","embeddable":true,"href":"https:\/\/www.gfs-umweltausschuss.de\/index.php?rest_route=%2Fwp%2Fv2%2Ftags&post=10059"}],"curies":[{"name":"wp","href":"https:\/\/api.w.org\/{rel}","templated":true}]}}