{"id":10094,"date":"2023-10-23T01:20:58","date_gmt":"2023-10-22T23:20:58","guid":{"rendered":"https:\/\/www.gfs-umweltausschuss.de\/?p=10094"},"modified":"2023-10-23T11:05:07","modified_gmt":"2023-10-23T09:05:07","slug":"10094","status":"publish","type":"post","link":"https:\/\/www.gfs-umweltausschuss.de\/?p=10094","title":{"rendered":"Arbeit am zuk\u00fcnftigen Hirschk\u00e4fermeiler"},"content":{"rendered":"<p><a href=\"https:\/\/www.gfs-umweltausschuss.de\/wp-content\/uploads\/231019_Schulgarten-72.jpg\" target=\"_blank\" rel=\"noopener\"><img loading=\"lazy\" decoding=\"async\" class=\"aligncenter wp-image-10095\" src=\"https:\/\/www.gfs-umweltausschuss.de\/wp-content\/uploads\/231019_Schulgarten-72-150x150.jpg\" alt=\"\" width=\"120\" height=\"120\" \/><\/a>Beim ersten Treffen in den Herbstferien lie\u00dfen wir uns auch vom Regen nicht davon abhalten, an unserem zuk\u00fcnftigen Hirschk\u00e4fermeiler weiterzuarbeiten. Dankenswerterweise haben wir erneut S\u00e4gesp\u00e4ne von Franz Josef Diekwessels\/Damme erhalten, der uns bereits bei dem Bau der K\u00e4ferburgen unterst\u00fctzt hat. Viel Spa\u00df hat&#8217;s wieder gemacht!<\/p>\n","protected":false},"excerpt":{"rendered":"<p>Beim ersten Treffen in den Herbstferien lie\u00dfen wir uns auch vom Regen nicht davon abhalten, an unserem zuk\u00fcnftigen Hirschk\u00e4fermeiler weiterzuarbeiten. Dankenswerterweise haben wir erneut S\u00e4gesp\u00e4ne von Franz Josef Diekwessels\/Damme erhalten, der uns bereits bei dem Bau der K\u00e4ferburgen unterst\u00fctzt hat. Viel Spa\u00df hat&#8217;s wieder gemacht!<\/p>\n","protected":false},"author":3,"featured_media":0,"comment_status":"open","ping_status":"closed","sticky":false,"template":"","format":"standard","meta":{"footnotes":""},"categories":[14,9,10,4],"tags":[],"class_list":["post-10094","post","type-post","status-publish","format-standard","hentry","category-naturpark-duemmer","category-schulgarten","category-tiere","category-umweltaktionen"],"_links":{"self":[{"href":"https:\/\/www.gfs-umweltausschuss.de\/index.php?rest_route=\/wp\/v2\/posts\/10094","targetHints":{"allow":["GET"]}}],"collection":[{"href":"https:\/\/www.gfs-umweltausschuss.de\/index.php?rest_route=\/wp\/v2\/posts"}],"about":[{"href":"https:\/\/www.gfs-umweltausschuss.de\/index.php?rest_route=\/wp\/v2\/types\/post"}],"author":[{"embeddable":true,"href":"https:\/\/www.gfs-umweltausschuss.de\/index.php?rest_route=\/wp\/v2\/users\/3"}],"replies":[{"embeddable":true,"href":"https:\/\/www.gfs-umweltausschuss.de\/index.php?rest_route=%2Fwp%2Fv2%2Fcomments&post=10094"}],"version-history":[{"count":7,"href":"https:\/\/www.gfs-umweltausschuss.de\/index.php?rest_route=\/wp\/v2\/posts\/10094\/revisions"}],"predecessor-version":[{"id":10108,"href":"https:\/\/www.gfs-umweltausschuss.de\/index.php?rest_route=\/wp\/v2\/posts\/10094\/revisions\/10108"}],"wp:attachment":[{"href":"https:\/\/www.gfs-umweltausschuss.de\/index.php?rest_route=%2Fwp%2Fv2%2Fmedia&parent=10094"}],"wp:term":[{"taxonomy":"category","embeddable":true,"href":"https:\/\/www.gfs-umweltausschuss.de\/index.php?rest_route=%2Fwp%2Fv2%2Fcategories&post=10094"},{"taxonomy":"post_tag","embeddable":true,"href":"https:\/\/www.gfs-umweltausschuss.de\/index.php?rest_route=%2Fwp%2Fv2%2Ftags&post=10094"}],"curies":[{"name":"wp","href":"https:\/\/api.w.org\/{rel}","templated":true}]}}