{"id":10148,"date":"2023-12-09T14:51:41","date_gmt":"2023-12-09T12:51:41","guid":{"rendered":"https:\/\/www.gfs-umweltausschuss.de\/?p=10148"},"modified":"2023-12-09T14:51:41","modified_gmt":"2023-12-09T12:51:41","slug":"moorprojekt-lavendelsaeckchen-und-die-frage-wissen-tiere-mehr-als-wir","status":"publish","type":"post","link":"https:\/\/www.gfs-umweltausschuss.de\/?p=10148","title":{"rendered":"Moorprojekt, Lavendels\u00e4ckchen und die Frage &#8222;Wissen Tiere mehr als wir?&#8220;"},"content":{"rendered":"<p>W\u00e4hrend ein Teil der Sch\u00fcler mit Hanna Plagge von der Uni Oldenburg ein Moorprojekt durchf\u00fchrte, bereiteten die anderen weitere Lavendels\u00e4ckchen vor und stellten sich auf Basis eines kurzen <a href=\"https:\/\/www.youtube.com\/watch?v=vY07jQldJTo\" target=\"_blank\" rel=\"noopener\">Film<\/a>s die Frage, ob Tiere mehr wissen als wir?<\/p>\n","protected":false},"excerpt":{"rendered":"<p>W\u00e4hrend ein Teil der Sch\u00fcler mit Hanna Plagge von der Uni Oldenburg ein Moorprojekt durchf\u00fchrte, bereiteten die anderen weitere Lavendels\u00e4ckchen vor und stellten sich auf Basis eines kurzen Films die Frage, ob Tiere mehr wissen als wir?<\/p>\n","protected":false},"author":3,"featured_media":0,"comment_status":"open","ping_status":"closed","sticky":false,"template":"","format":"standard","meta":{"footnotes":""},"categories":[14,9,4],"tags":[],"class_list":["post-10148","post","type-post","status-publish","format-standard","hentry","category-naturpark-duemmer","category-schulgarten","category-umweltaktionen"],"_links":{"self":[{"href":"https:\/\/www.gfs-umweltausschuss.de\/index.php?rest_route=\/wp\/v2\/posts\/10148","targetHints":{"allow":["GET"]}}],"collection":[{"href":"https:\/\/www.gfs-umweltausschuss.de\/index.php?rest_route=\/wp\/v2\/posts"}],"about":[{"href":"https:\/\/www.gfs-umweltausschuss.de\/index.php?rest_route=\/wp\/v2\/types\/post"}],"author":[{"embeddable":true,"href":"https:\/\/www.gfs-umweltausschuss.de\/index.php?rest_route=\/wp\/v2\/users\/3"}],"replies":[{"embeddable":true,"href":"https:\/\/www.gfs-umweltausschuss.de\/index.php?rest_route=%2Fwp%2Fv2%2Fcomments&post=10148"}],"version-history":[{"count":1,"href":"https:\/\/www.gfs-umweltausschuss.de\/index.php?rest_route=\/wp\/v2\/posts\/10148\/revisions"}],"predecessor-version":[{"id":10149,"href":"https:\/\/www.gfs-umweltausschuss.de\/index.php?rest_route=\/wp\/v2\/posts\/10148\/revisions\/10149"}],"wp:attachment":[{"href":"https:\/\/www.gfs-umweltausschuss.de\/index.php?rest_route=%2Fwp%2Fv2%2Fmedia&parent=10148"}],"wp:term":[{"taxonomy":"category","embeddable":true,"href":"https:\/\/www.gfs-umweltausschuss.de\/index.php?rest_route=%2Fwp%2Fv2%2Fcategories&post=10148"},{"taxonomy":"post_tag","embeddable":true,"href":"https:\/\/www.gfs-umweltausschuss.de\/index.php?rest_route=%2Fwp%2Fv2%2Ftags&post=10148"}],"curies":[{"name":"wp","href":"https:\/\/api.w.org\/{rel}","templated":true}]}}