{"id":10154,"date":"2023-12-10T23:26:37","date_gmt":"2023-12-10T21:26:37","guid":{"rendered":"https:\/\/www.gfs-umweltausschuss.de\/?p=10154"},"modified":"2023-12-10T23:34:59","modified_gmt":"2023-12-10T21:34:59","slug":"umweltkiosk-geschlossen","status":"publish","type":"post","link":"https:\/\/www.gfs-umweltausschuss.de\/?p=10154","title":{"rendered":"Umweltkiosk geschlossen, Rolli kommt wieder"},"content":{"rendered":"<p><a href=\"https:\/\/www.gfs-umweltausschuss.de\/wp-content\/uploads\/Kioskeroeffnung2011.jpg\" target=\"_blank\" rel=\"noopener\"><img loading=\"lazy\" decoding=\"async\" class=\"aligncenter wp-image-10155\" src=\"https:\/\/www.gfs-umweltausschuss.de\/wp-content\/uploads\/Kioskeroeffnung2011-150x150.jpg\" alt=\"\" width=\"120\" height=\"120\" \/><\/a>Nach \u00fcber 12 Jahren ist der Umweltkiosk nun geschlossen (s. Abb.). Der Grund ist, dass der Verwaltungstrakt der Realschule erweitert wird; die Bauarbeiten sollen in der kommenden Woche beginnen. Ein neuer Raum ist noch nicht gefunden, so dass wir erst einmal auf den Rollwagen zur\u00fcckgreifen, mit dem wir Anfang 2010 begonnen haben. Ein Dank geht an Tilman, der nicht nur das Aufr\u00e4umen geleitet hat, sondern der auch den Rolli-Verkauf \u00fcbernehmen wird.<\/p>\n","protected":false},"excerpt":{"rendered":"<p>Nach \u00fcber 12 Jahren ist der Umweltkiosk nun geschlossen (s. Abb.). Der Grund ist, dass der Verwaltungstrakt der Realschule erweitert wird; die Bauarbeiten sollen in der kommenden Woche beginnen. Ein neuer Raum ist noch nicht gefunden, so dass wir erst einmal auf den Rollwagen zur\u00fcckgreifen, mit dem wir Anfang 2010 begonnen haben. Ein Dank geht [&hellip;]<\/p>\n","protected":false},"author":3,"featured_media":0,"comment_status":"open","ping_status":"closed","sticky":false,"template":"","format":"standard","meta":{"footnotes":""},"categories":[4],"tags":[],"class_list":["post-10154","post","type-post","status-publish","format-standard","hentry","category-umweltaktionen"],"_links":{"self":[{"href":"https:\/\/www.gfs-umweltausschuss.de\/index.php?rest_route=\/wp\/v2\/posts\/10154","targetHints":{"allow":["GET"]}}],"collection":[{"href":"https:\/\/www.gfs-umweltausschuss.de\/index.php?rest_route=\/wp\/v2\/posts"}],"about":[{"href":"https:\/\/www.gfs-umweltausschuss.de\/index.php?rest_route=\/wp\/v2\/types\/post"}],"author":[{"embeddable":true,"href":"https:\/\/www.gfs-umweltausschuss.de\/index.php?rest_route=\/wp\/v2\/users\/3"}],"replies":[{"embeddable":true,"href":"https:\/\/www.gfs-umweltausschuss.de\/index.php?rest_route=%2Fwp%2Fv2%2Fcomments&post=10154"}],"version-history":[{"count":3,"href":"https:\/\/www.gfs-umweltausschuss.de\/index.php?rest_route=\/wp\/v2\/posts\/10154\/revisions"}],"predecessor-version":[{"id":10161,"href":"https:\/\/www.gfs-umweltausschuss.de\/index.php?rest_route=\/wp\/v2\/posts\/10154\/revisions\/10161"}],"wp:attachment":[{"href":"https:\/\/www.gfs-umweltausschuss.de\/index.php?rest_route=%2Fwp%2Fv2%2Fmedia&parent=10154"}],"wp:term":[{"taxonomy":"category","embeddable":true,"href":"https:\/\/www.gfs-umweltausschuss.de\/index.php?rest_route=%2Fwp%2Fv2%2Fcategories&post=10154"},{"taxonomy":"post_tag","embeddable":true,"href":"https:\/\/www.gfs-umweltausschuss.de\/index.php?rest_route=%2Fwp%2Fv2%2Ftags&post=10154"}],"curies":[{"name":"wp","href":"https:\/\/api.w.org\/{rel}","templated":true}]}}