{"id":10201,"date":"2024-01-21T22:30:10","date_gmt":"2024-01-21T20:30:10","guid":{"rendered":"https:\/\/www.gfs-umweltausschuss.de\/?p=10201"},"modified":"2024-01-21T22:30:23","modified_gmt":"2024-01-21T20:30:23","slug":"10201","status":"publish","type":"post","link":"https:\/\/www.gfs-umweltausschuss.de\/?p=10201","title":{"rendered":"Arbeitseinsatz im Schulgarten"},"content":{"rendered":"<p><a href=\"https:\/\/www.gfs-umweltausschuss.de\/wp-content\/uploads\/Schulgarten_290_240118-72.jpg\" target=\"_blank\" rel=\"noopener\"><img loading=\"lazy\" decoding=\"async\" class=\"aligncenter wp-image-10202\" src=\"https:\/\/www.gfs-umweltausschuss.de\/wp-content\/uploads\/Schulgarten_290_240118-72-150x150.jpg\" alt=\"\" width=\"120\" height=\"120\" \/><\/a>Beim Treffen am 18.11.24 war es kalt, aber sonnig, so dass wir uns Aufgaben im Garten widmeten. Eine Gruppe r\u00e4umte den Ger\u00e4teraum auf (was dringend notwendig war), eine andere Gruppe k\u00fcmmerte sich um den Weg, eine dritte Gruppe schaffte es trotz des fest gefrorenen Bodens, zwei Baumst\u00fctzen, die von Wandalen abgebrochen worden waren, aus dem Boden zu holen und neue einzugsetzen &#8230; wow!<br \/>\nAnschlie\u00dfend machten wir uns \u00fcber Gl\u00fcckskekse her, die uns unser Schulgarten-Engel Doris mitgebracht hatte. Danke, Doris!<\/p>\n","protected":false},"excerpt":{"rendered":"<p>Beim Treffen am 18.11.24 war es kalt, aber sonnig, so dass wir uns Aufgaben im Garten widmeten. Eine Gruppe r\u00e4umte den Ger\u00e4teraum auf (was dringend notwendig war), eine andere Gruppe k\u00fcmmerte sich um den Weg, eine dritte Gruppe schaffte es trotz des fest gefrorenen Bodens, zwei Baumst\u00fctzen, die von Wandalen abgebrochen worden waren, aus dem [&hellip;]<\/p>\n","protected":false},"author":3,"featured_media":0,"comment_status":"open","ping_status":"closed","sticky":false,"template":"","format":"standard","meta":{"footnotes":""},"categories":[14,9,4],"tags":[],"class_list":["post-10201","post","type-post","status-publish","format-standard","hentry","category-naturpark-duemmer","category-schulgarten","category-umweltaktionen"],"_links":{"self":[{"href":"https:\/\/www.gfs-umweltausschuss.de\/index.php?rest_route=\/wp\/v2\/posts\/10201","targetHints":{"allow":["GET"]}}],"collection":[{"href":"https:\/\/www.gfs-umweltausschuss.de\/index.php?rest_route=\/wp\/v2\/posts"}],"about":[{"href":"https:\/\/www.gfs-umweltausschuss.de\/index.php?rest_route=\/wp\/v2\/types\/post"}],"author":[{"embeddable":true,"href":"https:\/\/www.gfs-umweltausschuss.de\/index.php?rest_route=\/wp\/v2\/users\/3"}],"replies":[{"embeddable":true,"href":"https:\/\/www.gfs-umweltausschuss.de\/index.php?rest_route=%2Fwp%2Fv2%2Fcomments&post=10201"}],"version-history":[{"count":2,"href":"https:\/\/www.gfs-umweltausschuss.de\/index.php?rest_route=\/wp\/v2\/posts\/10201\/revisions"}],"predecessor-version":[{"id":10204,"href":"https:\/\/www.gfs-umweltausschuss.de\/index.php?rest_route=\/wp\/v2\/posts\/10201\/revisions\/10204"}],"wp:attachment":[{"href":"https:\/\/www.gfs-umweltausschuss.de\/index.php?rest_route=%2Fwp%2Fv2%2Fmedia&parent=10201"}],"wp:term":[{"taxonomy":"category","embeddable":true,"href":"https:\/\/www.gfs-umweltausschuss.de\/index.php?rest_route=%2Fwp%2Fv2%2Fcategories&post=10201"},{"taxonomy":"post_tag","embeddable":true,"href":"https:\/\/www.gfs-umweltausschuss.de\/index.php?rest_route=%2Fwp%2Fv2%2Ftags&post=10201"}],"curies":[{"name":"wp","href":"https:\/\/api.w.org\/{rel}","templated":true}]}}