{"id":10208,"date":"2024-01-21T22:40:06","date_gmt":"2024-01-21T20:40:06","guid":{"rendered":"https:\/\/www.gfs-umweltausschuss.de\/?p=10208"},"modified":"2024-01-21T22:48:25","modified_gmt":"2024-01-21T20:48:25","slug":"stoerche-im-winter","status":"publish","type":"post","link":"https:\/\/www.gfs-umweltausschuss.de\/?p=10208","title":{"rendered":"Agenda-Gartenger\u00e4te"},"content":{"rendered":"<p><a href=\"https:\/\/www.gfs-umweltausschuss.de\/wp-content\/uploads\/240119_Agenda-Geraetschaften-72.jpg\" target=\"_blank\" rel=\"noopener\"><img loading=\"lazy\" decoding=\"async\" class=\"aligncenter wp-image-10216\" src=\"https:\/\/www.gfs-umweltausschuss.de\/wp-content\/uploads\/240119_Agenda-Geraetschaften-72-150x150.jpg\" alt=\"\" width=\"120\" height=\"120\" \/><\/a>Dankenswerterweise hat uns die Agenda 21 Diepholz einige Gartenger\u00e4te zur Verf\u00fcgung gestellt. Diese k\u00f6nnen wir selbstverst\u00e4ndlich sehr gut gebrauchen. Ein besonderer Dank geht an Dagmar Tr\u00fcmpler, die sie zum Schulgarten gebracht hat.<\/p>\n","protected":false},"excerpt":{"rendered":"<p>Dankenswerterweise hat uns die Agenda 21 Diepholz einige Gartenger\u00e4te zur Verf\u00fcgung gestellt. Diese k\u00f6nnen wir selbstverst\u00e4ndlich sehr gut gebrauchen. Ein besonderer Dank geht an Dagmar Tr\u00fcmpler, die sie zum Schulgarten gebracht hat.<\/p>\n","protected":false},"author":3,"featured_media":0,"comment_status":"open","ping_status":"closed","sticky":false,"template":"","format":"standard","meta":{"footnotes":""},"categories":[14,9,11],"tags":[],"class_list":["post-10208","post","type-post","status-publish","format-standard","hentry","category-naturpark-duemmer","category-schulgarten","category-schulwald"],"_links":{"self":[{"href":"https:\/\/www.gfs-umweltausschuss.de\/index.php?rest_route=\/wp\/v2\/posts\/10208","targetHints":{"allow":["GET"]}}],"collection":[{"href":"https:\/\/www.gfs-umweltausschuss.de\/index.php?rest_route=\/wp\/v2\/posts"}],"about":[{"href":"https:\/\/www.gfs-umweltausschuss.de\/index.php?rest_route=\/wp\/v2\/types\/post"}],"author":[{"embeddable":true,"href":"https:\/\/www.gfs-umweltausschuss.de\/index.php?rest_route=\/wp\/v2\/users\/3"}],"replies":[{"embeddable":true,"href":"https:\/\/www.gfs-umweltausschuss.de\/index.php?rest_route=%2Fwp%2Fv2%2Fcomments&post=10208"}],"version-history":[{"count":6,"href":"https:\/\/www.gfs-umweltausschuss.de\/index.php?rest_route=\/wp\/v2\/posts\/10208\/revisions"}],"predecessor-version":[{"id":10218,"href":"https:\/\/www.gfs-umweltausschuss.de\/index.php?rest_route=\/wp\/v2\/posts\/10208\/revisions\/10218"}],"wp:attachment":[{"href":"https:\/\/www.gfs-umweltausschuss.de\/index.php?rest_route=%2Fwp%2Fv2%2Fmedia&parent=10208"}],"wp:term":[{"taxonomy":"category","embeddable":true,"href":"https:\/\/www.gfs-umweltausschuss.de\/index.php?rest_route=%2Fwp%2Fv2%2Fcategories&post=10208"},{"taxonomy":"post_tag","embeddable":true,"href":"https:\/\/www.gfs-umweltausschuss.de\/index.php?rest_route=%2Fwp%2Fv2%2Ftags&post=10208"}],"curies":[{"name":"wp","href":"https:\/\/api.w.org\/{rel}","templated":true}]}}