{"id":10333,"date":"2024-03-17T00:14:55","date_gmt":"2024-03-16T22:14:55","guid":{"rendered":"https:\/\/www.gfs-umweltausschuss.de\/?p=10333"},"modified":"2024-03-17T12:20:23","modified_gmt":"2024-03-17T10:20:23","slug":"10333","status":"publish","type":"post","link":"https:\/\/www.gfs-umweltausschuss.de\/?p=10333","title":{"rendered":"Ein neues Beet und zwei neue B\u00e4ume"},"content":{"rendered":"<p><a href=\"https:\/\/www.gfs-umweltausschuss.de\/wp-content\/uploads\/Baumrettung-und-neues-Beet_240315-72.jpg\" target=\"_blank\" rel=\"noopener\"><img loading=\"lazy\" decoding=\"async\" class=\"aligncenter wp-image-10349\" src=\"https:\/\/www.gfs-umweltausschuss.de\/wp-content\/uploads\/Baumrettung-und-neues-Beet_240315-72-150x150.jpg\" alt=\"\" width=\"120\" height=\"120\" \/><\/a>Sehr kurzfristig kam am Donnerstagmittag die Mitteilung, dass am Montag das Beet neben dem Haupteingang abgeschoben wird, um f\u00fcr einen Anbau Platz zu machen. Spontan reagierte die Fa. Tasche auf den Hilferuf der Schule, dort befindliche Pflanzen zu retten. Um 9.30 Uhr am n\u00e4chsten Morgen waren nicht nur die B\u00e4ume und Gr\u00e4ser, sondern auch zwei Findlinge versetzt. Pflanzen und Steine bilden nun ein sch\u00f6nes Ensemble zwischen dem Schulgarten und dem Weg von der Schule zum Sportgel\u00e4nde.<br \/>\nDer Bagger hob auch zwei L\u00f6cher aus f\u00fcr B\u00e4ume, die seit L\u00e4ngerem auf das Einpflanzen warten: die erste von zehn Linden, die die GFS anl\u00e4sslich ihres 100-j\u00e4hrigen Jubil\u00e4ums von der Stadt Diepholz bekommen hat, und die Hoy-Kastanie. Rohan, Abdel, Jan und Lennart griffen daf\u00fcr in der 1. Pause hilfsbereit zu Spaten und Gie\u00dfkannen. Vielen Dank an euch!<\/p>\n","protected":false},"excerpt":{"rendered":"<p>Sehr kurzfristig kam am Donnerstagmittag die Mitteilung, dass am Montag das Beet neben dem Haupteingang abgeschoben wird, um f\u00fcr einen Anbau Platz zu machen. Spontan reagierte die Fa. Tasche auf den Hilferuf der Schule, dort befindliche Pflanzen zu retten. Um 9.30 Uhr am n\u00e4chsten Morgen waren nicht nur die B\u00e4ume und Gr\u00e4ser, sondern auch zwei [&hellip;]<\/p>\n","protected":false},"author":3,"featured_media":0,"comment_status":"open","ping_status":"closed","sticky":false,"template":"","format":"standard","meta":{"footnotes":""},"categories":[14,9,4],"tags":[],"class_list":["post-10333","post","type-post","status-publish","format-standard","hentry","category-naturpark-duemmer","category-schulgarten","category-umweltaktionen"],"_links":{"self":[{"href":"https:\/\/www.gfs-umweltausschuss.de\/index.php?rest_route=\/wp\/v2\/posts\/10333","targetHints":{"allow":["GET"]}}],"collection":[{"href":"https:\/\/www.gfs-umweltausschuss.de\/index.php?rest_route=\/wp\/v2\/posts"}],"about":[{"href":"https:\/\/www.gfs-umweltausschuss.de\/index.php?rest_route=\/wp\/v2\/types\/post"}],"author":[{"embeddable":true,"href":"https:\/\/www.gfs-umweltausschuss.de\/index.php?rest_route=\/wp\/v2\/users\/3"}],"replies":[{"embeddable":true,"href":"https:\/\/www.gfs-umweltausschuss.de\/index.php?rest_route=%2Fwp%2Fv2%2Fcomments&post=10333"}],"version-history":[{"count":14,"href":"https:\/\/www.gfs-umweltausschuss.de\/index.php?rest_route=\/wp\/v2\/posts\/10333\/revisions"}],"predecessor-version":[{"id":10351,"href":"https:\/\/www.gfs-umweltausschuss.de\/index.php?rest_route=\/wp\/v2\/posts\/10333\/revisions\/10351"}],"wp:attachment":[{"href":"https:\/\/www.gfs-umweltausschuss.de\/index.php?rest_route=%2Fwp%2Fv2%2Fmedia&parent=10333"}],"wp:term":[{"taxonomy":"category","embeddable":true,"href":"https:\/\/www.gfs-umweltausschuss.de\/index.php?rest_route=%2Fwp%2Fv2%2Fcategories&post=10333"},{"taxonomy":"post_tag","embeddable":true,"href":"https:\/\/www.gfs-umweltausschuss.de\/index.php?rest_route=%2Fwp%2Fv2%2Ftags&post=10333"}],"curies":[{"name":"wp","href":"https:\/\/api.w.org\/{rel}","templated":true}]}}