{"id":10421,"date":"2024-04-13T01:33:25","date_gmt":"2024-04-12T23:33:25","guid":{"rendered":"https:\/\/www.gfs-umweltausschuss.de\/?p=10421"},"modified":"2024-04-13T01:33:25","modified_gmt":"2024-04-12T23:33:25","slug":"arbeitseinsatz-im-schulgarten-48","status":"publish","type":"post","link":"https:\/\/www.gfs-umweltausschuss.de\/?p=10421","title":{"rendered":"Arbeitseinsatz im Schulgarten"},"content":{"rendered":"<p><a href=\"https:\/\/www.gfs-umweltausschuss.de\/wp-content\/uploads\/Schulgarten_300_240411-72.jpg\" target=\"_blank\" rel=\"noopener\"><img loading=\"lazy\" decoding=\"async\" class=\"aligncenter wp-image-10422\" src=\"https:\/\/www.gfs-umweltausschuss.de\/wp-content\/uploads\/Schulgarten_300_240411-72-150x150.jpg\" alt=\"\" width=\"120\" height=\"120\" \/><\/a>Beim 300. Arbeitseinsatz im Schulgarten wurden wir von einigen Lehrern unterst\u00fctzt. So konnte der gro\u00dfe H\u00e4ckselhaufen, der am Vortag angeliefert worden war, weitestgehend verteilt werden. Der gr\u00f6\u00dfte Teil wurde daf\u00fcr genutzt, den Weg zum Fledermausquartier zu befestigen; ein Teil wurde f\u00fcr das Umfeld des Hirschk\u00e4fermeilers verwendet.<\/p>\n","protected":false},"excerpt":{"rendered":"<p>Beim 300. Arbeitseinsatz im Schulgarten wurden wir von einigen Lehrern unterst\u00fctzt. So konnte der gro\u00dfe H\u00e4ckselhaufen, der am Vortag angeliefert worden war, weitestgehend verteilt werden. Der gr\u00f6\u00dfte Teil wurde daf\u00fcr genutzt, den Weg zum Fledermausquartier zu befestigen; ein Teil wurde f\u00fcr das Umfeld des Hirschk\u00e4fermeilers verwendet.<\/p>\n","protected":false},"author":3,"featured_media":0,"comment_status":"open","ping_status":"closed","sticky":false,"template":"","format":"standard","meta":{"footnotes":""},"categories":[14,9,4],"tags":[],"class_list":["post-10421","post","type-post","status-publish","format-standard","hentry","category-naturpark-duemmer","category-schulgarten","category-umweltaktionen"],"_links":{"self":[{"href":"https:\/\/www.gfs-umweltausschuss.de\/index.php?rest_route=\/wp\/v2\/posts\/10421","targetHints":{"allow":["GET"]}}],"collection":[{"href":"https:\/\/www.gfs-umweltausschuss.de\/index.php?rest_route=\/wp\/v2\/posts"}],"about":[{"href":"https:\/\/www.gfs-umweltausschuss.de\/index.php?rest_route=\/wp\/v2\/types\/post"}],"author":[{"embeddable":true,"href":"https:\/\/www.gfs-umweltausschuss.de\/index.php?rest_route=\/wp\/v2\/users\/3"}],"replies":[{"embeddable":true,"href":"https:\/\/www.gfs-umweltausschuss.de\/index.php?rest_route=%2Fwp%2Fv2%2Fcomments&post=10421"}],"version-history":[{"count":1,"href":"https:\/\/www.gfs-umweltausschuss.de\/index.php?rest_route=\/wp\/v2\/posts\/10421\/revisions"}],"predecessor-version":[{"id":10423,"href":"https:\/\/www.gfs-umweltausschuss.de\/index.php?rest_route=\/wp\/v2\/posts\/10421\/revisions\/10423"}],"wp:attachment":[{"href":"https:\/\/www.gfs-umweltausschuss.de\/index.php?rest_route=%2Fwp%2Fv2%2Fmedia&parent=10421"}],"wp:term":[{"taxonomy":"category","embeddable":true,"href":"https:\/\/www.gfs-umweltausschuss.de\/index.php?rest_route=%2Fwp%2Fv2%2Fcategories&post=10421"},{"taxonomy":"post_tag","embeddable":true,"href":"https:\/\/www.gfs-umweltausschuss.de\/index.php?rest_route=%2Fwp%2Fv2%2Ftags&post=10421"}],"curies":[{"name":"wp","href":"https:\/\/api.w.org\/{rel}","templated":true}]}}