{"id":10454,"date":"2024-04-21T01:02:51","date_gmt":"2024-04-20T23:02:51","guid":{"rendered":"https:\/\/www.gfs-umweltausschuss.de\/?p=10454"},"modified":"2024-04-21T01:02:51","modified_gmt":"2024-04-20T23:02:51","slug":"arbeitseinsatz-im-schulgarten-49","status":"publish","type":"post","link":"https:\/\/www.gfs-umweltausschuss.de\/?p=10454","title":{"rendered":"Arbeitseinsatz im Schulgarten"},"content":{"rendered":"<p><a href=\"https:\/\/www.gfs-umweltausschuss.de\/wp-content\/uploads\/Schulgarten_240418-72.jpg\" target=\"_blank\" rel=\"noopener\"><img loading=\"lazy\" decoding=\"async\" class=\"aligncenter wp-image-10455\" src=\"https:\/\/www.gfs-umweltausschuss.de\/wp-content\/uploads\/Schulgarten_240418-72-150x150.jpg\" alt=\"\" width=\"120\" height=\"120\" \/><\/a>Diesmal widmeten wir uns v.a. der Bearbeitung des Hangs und dem Rasenm\u00e4hen. Aber auch K\u00fcrbisse, Melonen u.a. sind gesetzt und haben beim Hummelhaus einen gesch\u00fctzten Platz gefunden. Der alte Apfelbaum bei der Kr\u00e4uterspirale steht in voller Bl\u00fcte.<\/p>\n","protected":false},"excerpt":{"rendered":"<p>Diesmal widmeten wir uns v.a. der Bearbeitung des Hangs und dem Rasenm\u00e4hen. Aber auch K\u00fcrbisse, Melonen u.a. sind gesetzt und haben beim Hummelhaus einen gesch\u00fctzten Platz gefunden. Der alte Apfelbaum bei der Kr\u00e4uterspirale steht in voller Bl\u00fcte.<\/p>\n","protected":false},"author":3,"featured_media":0,"comment_status":"open","ping_status":"closed","sticky":false,"template":"","format":"standard","meta":{"footnotes":""},"categories":[14,9,4],"tags":[],"class_list":["post-10454","post","type-post","status-publish","format-standard","hentry","category-naturpark-duemmer","category-schulgarten","category-umweltaktionen"],"_links":{"self":[{"href":"https:\/\/www.gfs-umweltausschuss.de\/index.php?rest_route=\/wp\/v2\/posts\/10454","targetHints":{"allow":["GET"]}}],"collection":[{"href":"https:\/\/www.gfs-umweltausschuss.de\/index.php?rest_route=\/wp\/v2\/posts"}],"about":[{"href":"https:\/\/www.gfs-umweltausschuss.de\/index.php?rest_route=\/wp\/v2\/types\/post"}],"author":[{"embeddable":true,"href":"https:\/\/www.gfs-umweltausschuss.de\/index.php?rest_route=\/wp\/v2\/users\/3"}],"replies":[{"embeddable":true,"href":"https:\/\/www.gfs-umweltausschuss.de\/index.php?rest_route=%2Fwp%2Fv2%2Fcomments&post=10454"}],"version-history":[{"count":2,"href":"https:\/\/www.gfs-umweltausschuss.de\/index.php?rest_route=\/wp\/v2\/posts\/10454\/revisions"}],"predecessor-version":[{"id":10467,"href":"https:\/\/www.gfs-umweltausschuss.de\/index.php?rest_route=\/wp\/v2\/posts\/10454\/revisions\/10467"}],"wp:attachment":[{"href":"https:\/\/www.gfs-umweltausschuss.de\/index.php?rest_route=%2Fwp%2Fv2%2Fmedia&parent=10454"}],"wp:term":[{"taxonomy":"category","embeddable":true,"href":"https:\/\/www.gfs-umweltausschuss.de\/index.php?rest_route=%2Fwp%2Fv2%2Fcategories&post=10454"},{"taxonomy":"post_tag","embeddable":true,"href":"https:\/\/www.gfs-umweltausschuss.de\/index.php?rest_route=%2Fwp%2Fv2%2Ftags&post=10454"}],"curies":[{"name":"wp","href":"https:\/\/api.w.org\/{rel}","templated":true}]}}