{"id":10497,"date":"2024-05-27T00:26:22","date_gmt":"2024-05-26T22:26:22","guid":{"rendered":"https:\/\/www.gfs-umweltausschuss.de\/?p=10497"},"modified":"2024-05-27T00:26:22","modified_gmt":"2024-05-26T22:26:22","slug":"arbeitseinsatz-im-schulgarten-52","status":"publish","type":"post","link":"https:\/\/www.gfs-umweltausschuss.de\/?p=10497","title":{"rendered":"Arbeitseinsatz im Schulgarten"},"content":{"rendered":"<p><a href=\"https:\/\/www.gfs-umweltausschuss.de\/wp-content\/uploads\/Schulgarten_304_240523-72.jpg\" target=\"_blank\" rel=\"noopener\"><img loading=\"lazy\" decoding=\"async\" class=\"aligncenter wp-image-10498\" src=\"https:\/\/www.gfs-umweltausschuss.de\/wp-content\/uploads\/Schulgarten_304_240523-72-150x150.jpg\" alt=\"\" width=\"120\" height=\"120\" \/><\/a>Auf dem frisch gefr\u00e4sten Streifen vor dem Schulgarten haben wir Sonnenblumen und eine Saatmischung f\u00fcr einen Bl\u00fchstreifen aufgetragen. Mit dem Bau des Sandariums sind wir ein gutes St\u00fcck weitergekommen. Unser Kampf gegen die alles \u00fcberwuchernden Krebsscheren im Teich bleibt eine Sisyphusarbeit. Ein Teil der Gruppe hat umfangreich gegossen, v.a. den Hang und dort v.a. die von den Landkreisg\u00e4rtnern am Vormittag erg\u00e4nzten Bodendecker. Zwei Sch\u00fcler m\u00e4hten wieder den Rasen, einige andere k\u00fcmmerten sich um die Hochbeete. Die Rambler-Rose bei den Hochbeeten steht in ihrer Bl\u00fctenpracht der <a href=\"https:\/\/www.gfs-umweltausschuss.de\/wp-content\/uploads\/2019_0614_RamblerRose_MatthiasStock-72.jpg\" target=\"_blank\" rel=\"noopener\">Bl\u00fcte 2019<\/a> in nichts nach.<\/p>\n","protected":false},"excerpt":{"rendered":"<p>Auf dem frisch gefr\u00e4sten Streifen vor dem Schulgarten haben wir Sonnenblumen und eine Saatmischung f\u00fcr einen Bl\u00fchstreifen aufgetragen. Mit dem Bau des Sandariums sind wir ein gutes St\u00fcck weitergekommen. Unser Kampf gegen die alles \u00fcberwuchernden Krebsscheren im Teich bleibt eine Sisyphusarbeit. Ein Teil der Gruppe hat umfangreich gegossen, v.a. den Hang und dort v.a. die [&hellip;]<\/p>\n","protected":false},"author":3,"featured_media":0,"comment_status":"open","ping_status":"closed","sticky":false,"template":"","format":"standard","meta":{"footnotes":""},"categories":[14,9,4],"tags":[],"class_list":["post-10497","post","type-post","status-publish","format-standard","hentry","category-naturpark-duemmer","category-schulgarten","category-umweltaktionen"],"_links":{"self":[{"href":"https:\/\/www.gfs-umweltausschuss.de\/index.php?rest_route=\/wp\/v2\/posts\/10497","targetHints":{"allow":["GET"]}}],"collection":[{"href":"https:\/\/www.gfs-umweltausschuss.de\/index.php?rest_route=\/wp\/v2\/posts"}],"about":[{"href":"https:\/\/www.gfs-umweltausschuss.de\/index.php?rest_route=\/wp\/v2\/types\/post"}],"author":[{"embeddable":true,"href":"https:\/\/www.gfs-umweltausschuss.de\/index.php?rest_route=\/wp\/v2\/users\/3"}],"replies":[{"embeddable":true,"href":"https:\/\/www.gfs-umweltausschuss.de\/index.php?rest_route=%2Fwp%2Fv2%2Fcomments&post=10497"}],"version-history":[{"count":1,"href":"https:\/\/www.gfs-umweltausschuss.de\/index.php?rest_route=\/wp\/v2\/posts\/10497\/revisions"}],"predecessor-version":[{"id":10499,"href":"https:\/\/www.gfs-umweltausschuss.de\/index.php?rest_route=\/wp\/v2\/posts\/10497\/revisions\/10499"}],"wp:attachment":[{"href":"https:\/\/www.gfs-umweltausschuss.de\/index.php?rest_route=%2Fwp%2Fv2%2Fmedia&parent=10497"}],"wp:term":[{"taxonomy":"category","embeddable":true,"href":"https:\/\/www.gfs-umweltausschuss.de\/index.php?rest_route=%2Fwp%2Fv2%2Fcategories&post=10497"},{"taxonomy":"post_tag","embeddable":true,"href":"https:\/\/www.gfs-umweltausschuss.de\/index.php?rest_route=%2Fwp%2Fv2%2Ftags&post=10497"}],"curies":[{"name":"wp","href":"https:\/\/api.w.org\/{rel}","templated":true}]}}