{"id":10517,"date":"2024-06-11T17:42:20","date_gmt":"2024-06-11T15:42:20","guid":{"rendered":"https:\/\/www.gfs-umweltausschuss.de\/?p=10517"},"modified":"2024-06-11T20:32:04","modified_gmt":"2024-06-11T18:32:04","slug":"schulwald-neuigkeiten","status":"publish","type":"post","link":"https:\/\/www.gfs-umweltausschuss.de\/?p=10517","title":{"rendered":"Schulwald-Neuigkeiten"},"content":{"rendered":"<p><a href=\"https:\/\/www.gfs-umweltausschuss.de\/wp-content\/uploads\/240619_Schulwald_Einladung-TagOffTuer-scaled.jpg\" target=\"_blank\" rel=\"noopener\"><img loading=\"lazy\" decoding=\"async\" class=\"aligncenter wp-image-10521\" src=\"https:\/\/www.gfs-umweltausschuss.de\/wp-content\/uploads\/240619_Schulwald_Einladung-TagOffTuer-150x150.jpg\" alt=\"\" width=\"120\" height=\"120\" \/><\/a>Gute Nachrichten aus dem Schulwald: Unsere beiden Storchenk\u00fcken wachsen und gedeihen, das Wegenetz ist wieder gem\u00e4ht und die Grasfl\u00e4chen sind gemulcht. In der n\u00e4chsten Wochen begr\u00fc\u00dfen wir am Mittwoch von 14.30-17 Uhr G\u00e4ste zum <a href=\"https:\/\/www.gfs-umweltausschuss.de\/wp-content\/uploads\/240619_Schulwald_Einladung-TagOffTuer-scaled.jpg\" target=\"_blank\" rel=\"noopener\">Tag der Offenen T\u00fcr<\/a>.<br \/>\nAm Vormittag desselben Tages sind G\u00e4ste zum <a href=\"https:\/\/www.gfs-umweltausschuss.de\/wp-content\/uploads\/240619_Schulgarten_Einladung-TagOffTuer-scaled.jpg\" target=\"_blank\" rel=\"noopener\">Tag der Offenen T\u00fcr im Schulgarten<\/a> eingeladen.<\/p>\n","protected":false},"excerpt":{"rendered":"<p>Gute Nachrichten aus dem Schulwald: Unsere beiden Storchenk\u00fcken wachsen und gedeihen, das Wegenetz ist wieder gem\u00e4ht und die Grasfl\u00e4chen sind gemulcht. In der n\u00e4chsten Wochen begr\u00fc\u00dfen wir am Mittwoch von 14.30-17 Uhr G\u00e4ste zum Tag der Offenen T\u00fcr. Am Vormittag desselben Tages sind G\u00e4ste zum Tag der Offenen T\u00fcr im Schulgarten eingeladen.<\/p>\n","protected":false},"author":3,"featured_media":0,"comment_status":"open","ping_status":"closed","sticky":false,"template":"","format":"standard","meta":{"footnotes":""},"categories":[14,11,5,4],"tags":[],"class_list":["post-10517","post","type-post","status-publish","format-standard","hentry","category-naturpark-duemmer","category-schulwald","category-tipps-und-hinweise","category-umweltaktionen"],"_links":{"self":[{"href":"https:\/\/www.gfs-umweltausschuss.de\/index.php?rest_route=\/wp\/v2\/posts\/10517","targetHints":{"allow":["GET"]}}],"collection":[{"href":"https:\/\/www.gfs-umweltausschuss.de\/index.php?rest_route=\/wp\/v2\/posts"}],"about":[{"href":"https:\/\/www.gfs-umweltausschuss.de\/index.php?rest_route=\/wp\/v2\/types\/post"}],"author":[{"embeddable":true,"href":"https:\/\/www.gfs-umweltausschuss.de\/index.php?rest_route=\/wp\/v2\/users\/3"}],"replies":[{"embeddable":true,"href":"https:\/\/www.gfs-umweltausschuss.de\/index.php?rest_route=%2Fwp%2Fv2%2Fcomments&post=10517"}],"version-history":[{"count":3,"href":"https:\/\/www.gfs-umweltausschuss.de\/index.php?rest_route=\/wp\/v2\/posts\/10517\/revisions"}],"predecessor-version":[{"id":10524,"href":"https:\/\/www.gfs-umweltausschuss.de\/index.php?rest_route=\/wp\/v2\/posts\/10517\/revisions\/10524"}],"wp:attachment":[{"href":"https:\/\/www.gfs-umweltausschuss.de\/index.php?rest_route=%2Fwp%2Fv2%2Fmedia&parent=10517"}],"wp:term":[{"taxonomy":"category","embeddable":true,"href":"https:\/\/www.gfs-umweltausschuss.de\/index.php?rest_route=%2Fwp%2Fv2%2Fcategories&post=10517"},{"taxonomy":"post_tag","embeddable":true,"href":"https:\/\/www.gfs-umweltausschuss.de\/index.php?rest_route=%2Fwp%2Fv2%2Ftags&post=10517"}],"curies":[{"name":"wp","href":"https:\/\/api.w.org\/{rel}","templated":true}]}}