{"id":10549,"date":"2024-06-21T19:29:13","date_gmt":"2024-06-21T17:29:13","guid":{"rendered":"https:\/\/www.gfs-umweltausschuss.de\/?p=10549"},"modified":"2024-06-23T17:03:52","modified_gmt":"2024-06-23T15:03:52","slug":"vorbereitungen-fuer-den-tag-der-offenen-tuer-im-schulgarten-und-im-schulwald","status":"publish","type":"post","link":"https:\/\/www.gfs-umweltausschuss.de\/?p=10549","title":{"rendered":"Vorbereitungen f\u00fcr den Tag der Offenen T\u00fcr im Schulgarten und im Schulwald"},"content":{"rendered":"<p><a href=\"https:\/\/www.gfs-umweltausschuss.de\/wp-content\/uploads\/240618_Schulgarten.jpg\" target=\"_blank\" rel=\"noopener\"><img loading=\"lazy\" decoding=\"async\" class=\"aligncenter wp-image-10568\" src=\"https:\/\/www.gfs-umweltausschuss.de\/wp-content\/uploads\/240618_Schulgarten-150x150.jpg\" alt=\"\" width=\"120\" height=\"120\" \/><\/a>In einem vierst\u00fcndigen Einsatz bereiteten wir den Schulgarten f\u00fcr den Tag der Offenen T\u00fcr am Mittwoch, den 19. Juni, vor. So gut sah er lange nicht aus.<\/p>\n","protected":false},"excerpt":{"rendered":"<p>In einem vierst\u00fcndigen Einsatz bereiteten wir den Schulgarten f\u00fcr den Tag der Offenen T\u00fcr am Mittwoch, den 19. Juni, vor. So gut sah er lange nicht aus.<\/p>\n","protected":false},"author":3,"featured_media":0,"comment_status":"open","ping_status":"closed","sticky":false,"template":"","format":"standard","meta":{"footnotes":""},"categories":[14,9,4],"tags":[],"class_list":["post-10549","post","type-post","status-publish","format-standard","hentry","category-naturpark-duemmer","category-schulgarten","category-umweltaktionen"],"_links":{"self":[{"href":"https:\/\/www.gfs-umweltausschuss.de\/index.php?rest_route=\/wp\/v2\/posts\/10549","targetHints":{"allow":["GET"]}}],"collection":[{"href":"https:\/\/www.gfs-umweltausschuss.de\/index.php?rest_route=\/wp\/v2\/posts"}],"about":[{"href":"https:\/\/www.gfs-umweltausschuss.de\/index.php?rest_route=\/wp\/v2\/types\/post"}],"author":[{"embeddable":true,"href":"https:\/\/www.gfs-umweltausschuss.de\/index.php?rest_route=\/wp\/v2\/users\/3"}],"replies":[{"embeddable":true,"href":"https:\/\/www.gfs-umweltausschuss.de\/index.php?rest_route=%2Fwp%2Fv2%2Fcomments&post=10549"}],"version-history":[{"count":3,"href":"https:\/\/www.gfs-umweltausschuss.de\/index.php?rest_route=\/wp\/v2\/posts\/10549\/revisions"}],"predecessor-version":[{"id":10569,"href":"https:\/\/www.gfs-umweltausschuss.de\/index.php?rest_route=\/wp\/v2\/posts\/10549\/revisions\/10569"}],"wp:attachment":[{"href":"https:\/\/www.gfs-umweltausschuss.de\/index.php?rest_route=%2Fwp%2Fv2%2Fmedia&parent=10549"}],"wp:term":[{"taxonomy":"category","embeddable":true,"href":"https:\/\/www.gfs-umweltausschuss.de\/index.php?rest_route=%2Fwp%2Fv2%2Fcategories&post=10549"},{"taxonomy":"post_tag","embeddable":true,"href":"https:\/\/www.gfs-umweltausschuss.de\/index.php?rest_route=%2Fwp%2Fv2%2Ftags&post=10549"}],"curies":[{"name":"wp","href":"https:\/\/api.w.org\/{rel}","templated":true}]}}