{"id":10620,"date":"2024-07-04T23:34:04","date_gmt":"2024-07-04T21:34:04","guid":{"rendered":"https:\/\/www.gfs-umweltausschuss.de\/?p=10620"},"modified":"2024-07-05T00:29:30","modified_gmt":"2024-07-04T22:29:30","slug":"arbeitseinsatz-im-schulgarten-55","status":"publish","type":"post","link":"https:\/\/www.gfs-umweltausschuss.de\/?p=10620","title":{"rendered":"Arbeitseinsatz im Schulgarten"},"content":{"rendered":"<p><a href=\"https:\/\/www.gfs-umweltausschuss.de\/wp-content\/uploads\/Schulgarten_308_240704-72.jpg\" target=\"_blank\" rel=\"noopener\"><img loading=\"lazy\" decoding=\"async\" class=\"aligncenter wp-image-10621\" src=\"https:\/\/www.gfs-umweltausschuss.de\/wp-content\/uploads\/Schulgarten_308_240704-72-150x150.jpg\" alt=\"\" width=\"120\" height=\"120\" \/><\/a>Wow, heute haben wir (wieder) enorm viel geschafft: Der umgest\u00fcrzte Baum ist bis auf den Stamm wegger\u00e4umt!<br \/>\nUnser Hausmeister hatte im Laufe der Woche einen gro\u00dfen Teil des Ge\u00e4sts bereits herausges\u00e4gt. Uns erwartete heute somit ein gro\u00dfer Berg an \u00c4sten, Zweigen und Bl\u00e4tterwerk. Zu viert hatten wir innerhalb von einer Stunde alles in einer neuen Benjeshecke verbaut. Hausmeister Meyer wurde mit seiner Motors\u00e4ge erneut t\u00e4tig, so dass wir auch den zweiten Teil flott verarbeiten konnten. Es war ein toller Vormittag mit einem tollen Team.<\/p>\n","protected":false},"excerpt":{"rendered":"<p>Wow, heute haben wir (wieder) enorm viel geschafft: Der umgest\u00fcrzte Baum ist bis auf den Stamm wegger\u00e4umt! Unser Hausmeister hatte im Laufe der Woche einen gro\u00dfen Teil des Ge\u00e4sts bereits herausges\u00e4gt. Uns erwartete heute somit ein gro\u00dfer Berg an \u00c4sten, Zweigen und Bl\u00e4tterwerk. Zu viert hatten wir innerhalb von einer Stunde alles in einer neuen [&hellip;]<\/p>\n","protected":false},"author":3,"featured_media":0,"comment_status":"open","ping_status":"closed","sticky":false,"template":"","format":"standard","meta":{"footnotes":""},"categories":[14,9,4],"tags":[],"class_list":["post-10620","post","type-post","status-publish","format-standard","hentry","category-naturpark-duemmer","category-schulgarten","category-umweltaktionen"],"_links":{"self":[{"href":"https:\/\/www.gfs-umweltausschuss.de\/index.php?rest_route=\/wp\/v2\/posts\/10620","targetHints":{"allow":["GET"]}}],"collection":[{"href":"https:\/\/www.gfs-umweltausschuss.de\/index.php?rest_route=\/wp\/v2\/posts"}],"about":[{"href":"https:\/\/www.gfs-umweltausschuss.de\/index.php?rest_route=\/wp\/v2\/types\/post"}],"author":[{"embeddable":true,"href":"https:\/\/www.gfs-umweltausschuss.de\/index.php?rest_route=\/wp\/v2\/users\/3"}],"replies":[{"embeddable":true,"href":"https:\/\/www.gfs-umweltausschuss.de\/index.php?rest_route=%2Fwp%2Fv2%2Fcomments&post=10620"}],"version-history":[{"count":2,"href":"https:\/\/www.gfs-umweltausschuss.de\/index.php?rest_route=\/wp\/v2\/posts\/10620\/revisions"}],"predecessor-version":[{"id":10627,"href":"https:\/\/www.gfs-umweltausschuss.de\/index.php?rest_route=\/wp\/v2\/posts\/10620\/revisions\/10627"}],"wp:attachment":[{"href":"https:\/\/www.gfs-umweltausschuss.de\/index.php?rest_route=%2Fwp%2Fv2%2Fmedia&parent=10620"}],"wp:term":[{"taxonomy":"category","embeddable":true,"href":"https:\/\/www.gfs-umweltausschuss.de\/index.php?rest_route=%2Fwp%2Fv2%2Fcategories&post=10620"},{"taxonomy":"post_tag","embeddable":true,"href":"https:\/\/www.gfs-umweltausschuss.de\/index.php?rest_route=%2Fwp%2Fv2%2Ftags&post=10620"}],"curies":[{"name":"wp","href":"https:\/\/api.w.org\/{rel}","templated":true}]}}