{"id":10654,"date":"2024-08-02T12:26:53","date_gmt":"2024-08-02T10:26:53","guid":{"rendered":"https:\/\/www.gfs-umweltausschuss.de\/?p=10654"},"modified":"2024-11-09T16:30:46","modified_gmt":"2024-11-09T14:30:46","slug":"10654","status":"publish","type":"post","link":"https:\/\/www.gfs-umweltausschuss.de\/?p=10654","title":{"rendered":"Arbeitseinsatz im Schulgarten &#8211; Sandarium"},"content":{"rendered":"<p><a href=\"https:\/\/www.gfs-umweltausschuss.de\/wp-content\/uploads\/Schulgarten_312_240801-72.jpg\" target=\"_blank\" rel=\"noopener\"><img loading=\"lazy\" decoding=\"async\" class=\"aligncenter wp-image-10655\" src=\"https:\/\/www.gfs-umweltausschuss.de\/wp-content\/uploads\/Schulgarten_312_240801-72-150x150.jpg\" alt=\"\" width=\"120\" height=\"120\" \/><\/a>H\u00e4tte uns der Landkreis Diepholz nicht mit einem Radlader unterst\u00fctzt, h\u00e4tte uns der 7-Kubikmeter-Sandhaufen f\u00fcr das Sandarium wohl zur Verzweiflung getrieben. So aber bekamen wir den Sand direkt an Ort und Stelle gebracht und brauchten ihn nur noch zu verteilen. Auch das war schwei\u00dftreibende Arbeit, aber wir wurden dadurch belohnt, dass wir am Ende auf ein fertiges Sandarium blicken konnten &#8230; abgesehen von der noch ausstehenden Sicherung vor denjenigen, die es mit einem gro\u00dfen Sandkasten zu verwechseln drohen.<br \/>\nAuch der Rasen ist gem\u00e4ht, der wuchernde Wein geschnitten und das reife Obst gepfl\u00fcckt (und gegessen). Ob dieser Leistungen genehmigten wir uns nach zwei Stunden noch einmal ein wohlverdientes Eis f\u00fcr jeden.<\/p>\n","protected":false},"excerpt":{"rendered":"<p>H\u00e4tte uns der Landkreis Diepholz nicht mit einem Radlader unterst\u00fctzt, h\u00e4tte uns der 7-Kubikmeter-Sandhaufen f\u00fcr das Sandarium wohl zur Verzweiflung getrieben. So aber bekamen wir den Sand direkt an Ort und Stelle gebracht und brauchten ihn nur noch zu verteilen. Auch das war schwei\u00dftreibende Arbeit, aber wir wurden dadurch belohnt, dass wir am Ende auf [&hellip;]<\/p>\n","protected":false},"author":3,"featured_media":0,"comment_status":"open","ping_status":"closed","sticky":false,"template":"","format":"standard","meta":{"footnotes":""},"categories":[14,9,10,4],"tags":[],"class_list":["post-10654","post","type-post","status-publish","format-standard","hentry","category-naturpark-duemmer","category-schulgarten","category-tiere","category-umweltaktionen"],"_links":{"self":[{"href":"https:\/\/www.gfs-umweltausschuss.de\/index.php?rest_route=\/wp\/v2\/posts\/10654","targetHints":{"allow":["GET"]}}],"collection":[{"href":"https:\/\/www.gfs-umweltausschuss.de\/index.php?rest_route=\/wp\/v2\/posts"}],"about":[{"href":"https:\/\/www.gfs-umweltausschuss.de\/index.php?rest_route=\/wp\/v2\/types\/post"}],"author":[{"embeddable":true,"href":"https:\/\/www.gfs-umweltausschuss.de\/index.php?rest_route=\/wp\/v2\/users\/3"}],"replies":[{"embeddable":true,"href":"https:\/\/www.gfs-umweltausschuss.de\/index.php?rest_route=%2Fwp%2Fv2%2Fcomments&post=10654"}],"version-history":[{"count":4,"href":"https:\/\/www.gfs-umweltausschuss.de\/index.php?rest_route=\/wp\/v2\/posts\/10654\/revisions"}],"predecessor-version":[{"id":10837,"href":"https:\/\/www.gfs-umweltausschuss.de\/index.php?rest_route=\/wp\/v2\/posts\/10654\/revisions\/10837"}],"wp:attachment":[{"href":"https:\/\/www.gfs-umweltausschuss.de\/index.php?rest_route=%2Fwp%2Fv2%2Fmedia&parent=10654"}],"wp:term":[{"taxonomy":"category","embeddable":true,"href":"https:\/\/www.gfs-umweltausschuss.de\/index.php?rest_route=%2Fwp%2Fv2%2Fcategories&post=10654"},{"taxonomy":"post_tag","embeddable":true,"href":"https:\/\/www.gfs-umweltausschuss.de\/index.php?rest_route=%2Fwp%2Fv2%2Ftags&post=10654"}],"curies":[{"name":"wp","href":"https:\/\/api.w.org\/{rel}","templated":true}]}}