{"id":10768,"date":"2024-10-06T00:53:03","date_gmt":"2024-10-05T22:53:03","guid":{"rendered":"https:\/\/www.gfs-umweltausschuss.de\/?p=10768"},"modified":"2024-10-06T01:22:14","modified_gmt":"2024-10-05T23:22:14","slug":"arbeitseinsatz-im-schulgarten-62","status":"publish","type":"post","link":"https:\/\/www.gfs-umweltausschuss.de\/?p=10768","title":{"rendered":"Arbeitseinsatz im Schulgarten"},"content":{"rendered":"<p><a href=\"https:\/\/www.gfs-umweltausschuss.de\/wp-content\/uploads\/Schulgarten_321_241004-72.jpg\" target=\"_blank\" rel=\"noopener\"><img loading=\"lazy\" decoding=\"async\" class=\"aligncenter wp-image-10781\" src=\"https:\/\/www.gfs-umweltausschuss.de\/wp-content\/uploads\/Schulgarten_321_241004-72-150x150.jpg\" alt=\"\" width=\"120\" height=\"120\" \/><\/a>Ausnahmsweise trafen wir uns in dieser Woche nicht an einem Donnerstag, sondern wegen des Tages der Dt. Einheit am darauffolgenden Freitag. Sieben Jungs legten los: Teil 1 entfernte die in der vorangegangenen Woche entdeckten Steine, Teil 2 vervollst\u00e4ndigte das Metallger\u00fcst f\u00fcr den Eichh\u00f6rnchentunnel. All das geschah bei herrlichem Sonnenschein.<\/p>\n","protected":false},"excerpt":{"rendered":"<p>Ausnahmsweise trafen wir uns in dieser Woche nicht an einem Donnerstag, sondern wegen des Tages der Dt. Einheit am darauffolgenden Freitag. Sieben Jungs legten los: Teil 1 entfernte die in der vorangegangenen Woche entdeckten Steine, Teil 2 vervollst\u00e4ndigte das Metallger\u00fcst f\u00fcr den Eichh\u00f6rnchentunnel. All das geschah bei herrlichem Sonnenschein.<\/p>\n","protected":false},"author":3,"featured_media":0,"comment_status":"open","ping_status":"closed","sticky":false,"template":"","format":"standard","meta":{"footnotes":""},"categories":[14,9,4],"tags":[],"class_list":["post-10768","post","type-post","status-publish","format-standard","hentry","category-naturpark-duemmer","category-schulgarten","category-umweltaktionen"],"_links":{"self":[{"href":"https:\/\/www.gfs-umweltausschuss.de\/index.php?rest_route=\/wp\/v2\/posts\/10768","targetHints":{"allow":["GET"]}}],"collection":[{"href":"https:\/\/www.gfs-umweltausschuss.de\/index.php?rest_route=\/wp\/v2\/posts"}],"about":[{"href":"https:\/\/www.gfs-umweltausschuss.de\/index.php?rest_route=\/wp\/v2\/types\/post"}],"author":[{"embeddable":true,"href":"https:\/\/www.gfs-umweltausschuss.de\/index.php?rest_route=\/wp\/v2\/users\/3"}],"replies":[{"embeddable":true,"href":"https:\/\/www.gfs-umweltausschuss.de\/index.php?rest_route=%2Fwp%2Fv2%2Fcomments&post=10768"}],"version-history":[{"count":4,"href":"https:\/\/www.gfs-umweltausschuss.de\/index.php?rest_route=\/wp\/v2\/posts\/10768\/revisions"}],"predecessor-version":[{"id":10782,"href":"https:\/\/www.gfs-umweltausschuss.de\/index.php?rest_route=\/wp\/v2\/posts\/10768\/revisions\/10782"}],"wp:attachment":[{"href":"https:\/\/www.gfs-umweltausschuss.de\/index.php?rest_route=%2Fwp%2Fv2%2Fmedia&parent=10768"}],"wp:term":[{"taxonomy":"category","embeddable":true,"href":"https:\/\/www.gfs-umweltausschuss.de\/index.php?rest_route=%2Fwp%2Fv2%2Fcategories&post=10768"},{"taxonomy":"post_tag","embeddable":true,"href":"https:\/\/www.gfs-umweltausschuss.de\/index.php?rest_route=%2Fwp%2Fv2%2Ftags&post=10768"}],"curies":[{"name":"wp","href":"https:\/\/api.w.org\/{rel}","templated":true}]}}