{"id":10792,"date":"2024-10-12T15:09:38","date_gmt":"2024-10-12T13:09:38","guid":{"rendered":"https:\/\/www.gfs-umweltausschuss.de\/?p=10792"},"modified":"2024-10-12T15:09:38","modified_gmt":"2024-10-12T13:09:38","slug":"arbeitseinsatz-im-schulgarten-63","status":"publish","type":"post","link":"https:\/\/www.gfs-umweltausschuss.de\/?p=10792","title":{"rendered":"Arbeitseinsatz im Schulgarten"},"content":{"rendered":"<p><a href=\"https:\/\/www.gfs-umweltausschuss.de\/wp-content\/uploads\/Schulgarten_322_241010-72.jpg\" target=\"_blank\" rel=\"noopener\"><img loading=\"lazy\" decoding=\"async\" class=\"aligncenter wp-image-10793\" src=\"https:\/\/www.gfs-umweltausschuss.de\/wp-content\/uploads\/Schulgarten_322_241010-72-150x150.jpg\" alt=\"\" width=\"120\" height=\"120\" \/><\/a>Diesmal hat es zwar geregnet, das hielt uns aber nicht ab: Nach zwei Stunden war das Sandarium mit einem Tau umrahmt, waren Haselnussstr\u00e4ucher am Gitter des\u00a0 Eichh\u00f6rnchentunnels in Form gebracht und &#8211; ein neues Projekt! &#8211; war ein kleines Bachbett geschaffen, das bei den n\u00e4chsten Treffen weiter ausgebaut, befestigt, versch\u00f6nert und mit einer solargetriebenen Pumpe ausgestattet werden soll.<br \/>\nEin kleines, aber superfeines Ferienteam!<\/p>\n","protected":false},"excerpt":{"rendered":"<p>Diesmal hat es zwar geregnet, das hielt uns aber nicht ab: Nach zwei Stunden war das Sandarium mit einem Tau umrahmt, waren Haselnussstr\u00e4ucher am Gitter des\u00a0 Eichh\u00f6rnchentunnels in Form gebracht und &#8211; ein neues Projekt! &#8211; war ein kleines Bachbett geschaffen, das bei den n\u00e4chsten Treffen weiter ausgebaut, befestigt, versch\u00f6nert und mit einer solargetriebenen Pumpe [&hellip;]<\/p>\n","protected":false},"author":3,"featured_media":0,"comment_status":"open","ping_status":"closed","sticky":false,"template":"","format":"standard","meta":{"footnotes":""},"categories":[14,9,4],"tags":[],"class_list":["post-10792","post","type-post","status-publish","format-standard","hentry","category-naturpark-duemmer","category-schulgarten","category-umweltaktionen"],"_links":{"self":[{"href":"https:\/\/www.gfs-umweltausschuss.de\/index.php?rest_route=\/wp\/v2\/posts\/10792","targetHints":{"allow":["GET"]}}],"collection":[{"href":"https:\/\/www.gfs-umweltausschuss.de\/index.php?rest_route=\/wp\/v2\/posts"}],"about":[{"href":"https:\/\/www.gfs-umweltausschuss.de\/index.php?rest_route=\/wp\/v2\/types\/post"}],"author":[{"embeddable":true,"href":"https:\/\/www.gfs-umweltausschuss.de\/index.php?rest_route=\/wp\/v2\/users\/3"}],"replies":[{"embeddable":true,"href":"https:\/\/www.gfs-umweltausschuss.de\/index.php?rest_route=%2Fwp%2Fv2%2Fcomments&post=10792"}],"version-history":[{"count":1,"href":"https:\/\/www.gfs-umweltausschuss.de\/index.php?rest_route=\/wp\/v2\/posts\/10792\/revisions"}],"predecessor-version":[{"id":10794,"href":"https:\/\/www.gfs-umweltausschuss.de\/index.php?rest_route=\/wp\/v2\/posts\/10792\/revisions\/10794"}],"wp:attachment":[{"href":"https:\/\/www.gfs-umweltausschuss.de\/index.php?rest_route=%2Fwp%2Fv2%2Fmedia&parent=10792"}],"wp:term":[{"taxonomy":"category","embeddable":true,"href":"https:\/\/www.gfs-umweltausschuss.de\/index.php?rest_route=%2Fwp%2Fv2%2Fcategories&post=10792"},{"taxonomy":"post_tag","embeddable":true,"href":"https:\/\/www.gfs-umweltausschuss.de\/index.php?rest_route=%2Fwp%2Fv2%2Ftags&post=10792"}],"curies":[{"name":"wp","href":"https:\/\/api.w.org\/{rel}","templated":true}]}}