{"id":10821,"date":"2024-11-09T15:44:42","date_gmt":"2024-11-09T13:44:42","guid":{"rendered":"https:\/\/www.gfs-umweltausschuss.de\/?p=10821"},"modified":"2024-11-10T13:59:11","modified_gmt":"2024-11-10T11:59:11","slug":"treffen-mit-dem-foerster-im-schulwald","status":"publish","type":"post","link":"https:\/\/www.gfs-umweltausschuss.de\/?p=10821","title":{"rendered":"Treffen mit dem F\u00f6rster im Schulwald"},"content":{"rendered":"<p><a href=\"https:\/\/www.gfs-umweltausschuss.de\/wp-content\/uploads\/241105_Schulwald-72-scaled.jpg\" target=\"_blank\" rel=\"noopener\"><img loading=\"lazy\" decoding=\"async\" class=\"aligncenter wp-image-10848\" src=\"https:\/\/www.gfs-umweltausschuss.de\/wp-content\/uploads\/241105_Schulwald-72-150x150.jpg\" alt=\"\" width=\"120\" height=\"120\" \/><\/a>Kennengelernt hatten wir Torsten Bensemann von den <a href=\"https:\/\/www.landesforsten.de\/forstaemter\/ahlhorn\/\" target=\"_blank\" rel=\"noopener\">Landesforsten Ahlhorn<\/a> bei unserem <a href=\"https:\/\/gfs-diepholz.de\/waldtage-in-der-markonah\/\" target=\"_blank\" rel=\"noopener\">Waldtag in der Markonah<\/a>. Er ist der Nachfolger von Horst Wieting, dem seinerzeit die Planung f\u00fcr die Anlage unseres Schulwaldes oblag, und am Dienstag, den 5.11., konnten wir ihn im Schulwald willkommen hei\u00dfen. Er war sehr angetan sowohl von unserem Schulwald als auch von dem Schulgarten, den er ebenfalls besichtigte. Wir freuen uns auf die weitere konstruktive Zusammenarbeit mit ihm.<br \/>\nAuch Mirko Windhorst, der sich um das M\u00e4hen der Wege k\u00fcmmert, war vor Ort t\u00e4tig, so dass diese nun wieder tipptopp aussehen.<\/p>\n","protected":false},"excerpt":{"rendered":"<p>Kennengelernt hatten wir Torsten Bensemann von den Landesforsten Ahlhorn bei unserem Waldtag in der Markonah. Er ist der Nachfolger von Horst Wieting, dem seinerzeit die Planung f\u00fcr die Anlage unseres Schulwaldes oblag, und am Dienstag, den 5.11., konnten wir ihn im Schulwald willkommen hei\u00dfen. Er war sehr angetan sowohl von unserem Schulwald als auch von [&hellip;]<\/p>\n","protected":false},"author":3,"featured_media":0,"comment_status":"open","ping_status":"closed","sticky":false,"template":"","format":"standard","meta":{"footnotes":""},"categories":[14,9,11,4],"tags":[],"class_list":["post-10821","post","type-post","status-publish","format-standard","hentry","category-naturpark-duemmer","category-schulgarten","category-schulwald","category-umweltaktionen"],"_links":{"self":[{"href":"https:\/\/www.gfs-umweltausschuss.de\/index.php?rest_route=\/wp\/v2\/posts\/10821","targetHints":{"allow":["GET"]}}],"collection":[{"href":"https:\/\/www.gfs-umweltausschuss.de\/index.php?rest_route=\/wp\/v2\/posts"}],"about":[{"href":"https:\/\/www.gfs-umweltausschuss.de\/index.php?rest_route=\/wp\/v2\/types\/post"}],"author":[{"embeddable":true,"href":"https:\/\/www.gfs-umweltausschuss.de\/index.php?rest_route=\/wp\/v2\/users\/3"}],"replies":[{"embeddable":true,"href":"https:\/\/www.gfs-umweltausschuss.de\/index.php?rest_route=%2Fwp%2Fv2%2Fcomments&post=10821"}],"version-history":[{"count":5,"href":"https:\/\/www.gfs-umweltausschuss.de\/index.php?rest_route=\/wp\/v2\/posts\/10821\/revisions"}],"predecessor-version":[{"id":10849,"href":"https:\/\/www.gfs-umweltausschuss.de\/index.php?rest_route=\/wp\/v2\/posts\/10821\/revisions\/10849"}],"wp:attachment":[{"href":"https:\/\/www.gfs-umweltausschuss.de\/index.php?rest_route=%2Fwp%2Fv2%2Fmedia&parent=10821"}],"wp:term":[{"taxonomy":"category","embeddable":true,"href":"https:\/\/www.gfs-umweltausschuss.de\/index.php?rest_route=%2Fwp%2Fv2%2Fcategories&post=10821"},{"taxonomy":"post_tag","embeddable":true,"href":"https:\/\/www.gfs-umweltausschuss.de\/index.php?rest_route=%2Fwp%2Fv2%2Ftags&post=10821"}],"curies":[{"name":"wp","href":"https:\/\/api.w.org\/{rel}","templated":true}]}}