{"id":10908,"date":"2024-12-27T16:43:16","date_gmt":"2024-12-27T14:43:16","guid":{"rendered":"https:\/\/www.gfs-umweltausschuss.de\/?p=10908"},"modified":"2024-12-27T16:43:16","modified_gmt":"2024-12-27T14:43:16","slug":"schulgarten-und-weihnachtskarten","status":"publish","type":"post","link":"https:\/\/www.gfs-umweltausschuss.de\/?p=10908","title":{"rendered":"Schulgarten und Weihnachtskarten"},"content":{"rendered":"<p><a href=\"https:\/\/www.gfs-umweltausschuss.de\/wp-content\/uploads\/Schulgarten_327_241219-72.jpg\" target=\"_blank\" rel=\"noopener\"><img loading=\"lazy\" decoding=\"async\" class=\"aligncenter wp-image-10909\" src=\"https:\/\/www.gfs-umweltausschuss.de\/wp-content\/uploads\/Schulgarten_327_241219-72-150x150.jpg\" alt=\"\" width=\"120\" height=\"120\" \/><\/a>Das letzte Treffen vor den Weihnachtsferien war nur sehr bedingt erfreulich: Im Schulgarten mussten wir traurig zur Kenntnis nehmen, dass wieder Vandalen dort ihr Unwesen getrieben haben. W\u00e4hrend sich ein Teil der Gruppe um die Sch\u00e4den k\u00fcmmerte, bastelte ein anderer Teil Weihnachtskarten. So gab es doch noch Positives an diesem Tag.<\/p>\n","protected":false},"excerpt":{"rendered":"<p>Das letzte Treffen vor den Weihnachtsferien war nur sehr bedingt erfreulich: Im Schulgarten mussten wir traurig zur Kenntnis nehmen, dass wieder Vandalen dort ihr Unwesen getrieben haben. W\u00e4hrend sich ein Teil der Gruppe um die Sch\u00e4den k\u00fcmmerte, bastelte ein anderer Teil Weihnachtskarten. So gab es doch noch Positives an diesem Tag.<\/p>\n","protected":false},"author":3,"featured_media":0,"comment_status":"open","ping_status":"closed","sticky":false,"template":"","format":"standard","meta":{"footnotes":""},"categories":[14,9,4],"tags":[],"class_list":["post-10908","post","type-post","status-publish","format-standard","hentry","category-naturpark-duemmer","category-schulgarten","category-umweltaktionen"],"_links":{"self":[{"href":"https:\/\/www.gfs-umweltausschuss.de\/index.php?rest_route=\/wp\/v2\/posts\/10908","targetHints":{"allow":["GET"]}}],"collection":[{"href":"https:\/\/www.gfs-umweltausschuss.de\/index.php?rest_route=\/wp\/v2\/posts"}],"about":[{"href":"https:\/\/www.gfs-umweltausschuss.de\/index.php?rest_route=\/wp\/v2\/types\/post"}],"author":[{"embeddable":true,"href":"https:\/\/www.gfs-umweltausschuss.de\/index.php?rest_route=\/wp\/v2\/users\/3"}],"replies":[{"embeddable":true,"href":"https:\/\/www.gfs-umweltausschuss.de\/index.php?rest_route=%2Fwp%2Fv2%2Fcomments&post=10908"}],"version-history":[{"count":1,"href":"https:\/\/www.gfs-umweltausschuss.de\/index.php?rest_route=\/wp\/v2\/posts\/10908\/revisions"}],"predecessor-version":[{"id":10910,"href":"https:\/\/www.gfs-umweltausschuss.de\/index.php?rest_route=\/wp\/v2\/posts\/10908\/revisions\/10910"}],"wp:attachment":[{"href":"https:\/\/www.gfs-umweltausschuss.de\/index.php?rest_route=%2Fwp%2Fv2%2Fmedia&parent=10908"}],"wp:term":[{"taxonomy":"category","embeddable":true,"href":"https:\/\/www.gfs-umweltausschuss.de\/index.php?rest_route=%2Fwp%2Fv2%2Fcategories&post=10908"},{"taxonomy":"post_tag","embeddable":true,"href":"https:\/\/www.gfs-umweltausschuss.de\/index.php?rest_route=%2Fwp%2Fv2%2Ftags&post=10908"}],"curies":[{"name":"wp","href":"https:\/\/api.w.org\/{rel}","templated":true}]}}