{"id":10923,"date":"2024-12-29T23:19:53","date_gmt":"2024-12-29T21:19:53","guid":{"rendered":"https:\/\/www.gfs-umweltausschuss.de\/?p=10923"},"modified":"2025-01-22T23:38:10","modified_gmt":"2025-01-22T21:38:10","slug":"10923","status":"publish","type":"post","link":"https:\/\/www.gfs-umweltausschuss.de\/?p=10923","title":{"rendered":"Arbeitseinsatz am Moorerlebnispfad"},"content":{"rendered":"<p><a href=\"https:\/\/www.gfs-umweltausschuss.de\/wp-content\/uploads\/241228_Mooreinsatz-72-scaled.jpg\" target=\"_blank\" rel=\"noopener\"><img loading=\"lazy\" decoding=\"async\" class=\"aligncenter wp-image-10925\" src=\"https:\/\/www.gfs-umweltausschuss.de\/wp-content\/uploads\/241228_Mooreinsatz-72-150x150.jpg\" alt=\"\" width=\"120\" height=\"120\" \/><\/a>In dieser Woche waren wir wieder in Moor. Was wir geschafft haben: Entkusseln einer Fl\u00e4che mit Astscheren &#8211; Platzieren eines \u00dcberlaufrohres an einer nassen Wegstelle und Aufh\u00f6hen der Wegstelle mit Torf &#8211; Verl\u00e4ngerung eines\u00a0 \u00dcberlaufrohres auf die GFS-Aktionsfl\u00e4che, Bedecken mit Torf und Ausgleich der Fl\u00e4che mit Torf (der daf\u00fcr vorgesehene Torfhauen konnte fast vollst\u00e4ndig verteilt werden) &#8211; Ausbringen mehrerer Eimer Torfmoos auf der GFS-Aktionsfl\u00e4che als &#8222;Torfmoos-Starthilfe &#8211; vergleichendes Messen von CO2-Werten vor Ort &#8230; Topp!!<br \/>\n<a href=\"https:\/\/gfs-diepholz.de\/neues-von-der-gfs-aktionsflaeche-am-diepholzer-moorerlebnispfad\/\" target=\"_blank\" rel=\"noopener\">Hier<\/a> geht es zu Bildern, hier zum <a href=\"https:\/\/www.gfs-umweltausschuss.de\/wp-content\/uploads\/250102-_DK_Viel-Regenwasser-halten_Zeitungsbericht-scaled.jpg\" target=\"_blank\" rel=\"noopener\">Zeitungsbericht<\/a>.<\/p>\n","protected":false},"excerpt":{"rendered":"<p>In dieser Woche waren wir wieder in Moor. Was wir geschafft haben: Entkusseln einer Fl\u00e4che mit Astscheren &#8211; Platzieren eines \u00dcberlaufrohres an einer nassen Wegstelle und Aufh\u00f6hen der Wegstelle mit Torf &#8211; Verl\u00e4ngerung eines\u00a0 \u00dcberlaufrohres auf die GFS-Aktionsfl\u00e4che, Bedecken mit Torf und Ausgleich der Fl\u00e4che mit Torf (der daf\u00fcr vorgesehene Torfhauen konnte fast vollst\u00e4ndig verteilt [&hellip;]<\/p>\n","protected":false},"author":3,"featured_media":0,"comment_status":"open","ping_status":"closed","sticky":false,"template":"","format":"standard","meta":{"footnotes":""},"categories":[13,14,4],"tags":[],"class_list":["post-10923","post","type-post","status-publish","format-standard","hentry","category-moor","category-naturpark-duemmer","category-umweltaktionen"],"_links":{"self":[{"href":"https:\/\/www.gfs-umweltausschuss.de\/index.php?rest_route=\/wp\/v2\/posts\/10923","targetHints":{"allow":["GET"]}}],"collection":[{"href":"https:\/\/www.gfs-umweltausschuss.de\/index.php?rest_route=\/wp\/v2\/posts"}],"about":[{"href":"https:\/\/www.gfs-umweltausschuss.de\/index.php?rest_route=\/wp\/v2\/types\/post"}],"author":[{"embeddable":true,"href":"https:\/\/www.gfs-umweltausschuss.de\/index.php?rest_route=\/wp\/v2\/users\/3"}],"replies":[{"embeddable":true,"href":"https:\/\/www.gfs-umweltausschuss.de\/index.php?rest_route=%2Fwp%2Fv2%2Fcomments&post=10923"}],"version-history":[{"count":7,"href":"https:\/\/www.gfs-umweltausschuss.de\/index.php?rest_route=\/wp\/v2\/posts\/10923\/revisions"}],"predecessor-version":[{"id":10985,"href":"https:\/\/www.gfs-umweltausschuss.de\/index.php?rest_route=\/wp\/v2\/posts\/10923\/revisions\/10985"}],"wp:attachment":[{"href":"https:\/\/www.gfs-umweltausschuss.de\/index.php?rest_route=%2Fwp%2Fv2%2Fmedia&parent=10923"}],"wp:term":[{"taxonomy":"category","embeddable":true,"href":"https:\/\/www.gfs-umweltausschuss.de\/index.php?rest_route=%2Fwp%2Fv2%2Fcategories&post=10923"},{"taxonomy":"post_tag","embeddable":true,"href":"https:\/\/www.gfs-umweltausschuss.de\/index.php?rest_route=%2Fwp%2Fv2%2Ftags&post=10923"}],"curies":[{"name":"wp","href":"https:\/\/api.w.org\/{rel}","templated":true}]}}