{"id":10938,"date":"2025-01-02T21:54:10","date_gmt":"2025-01-02T19:54:10","guid":{"rendered":"https:\/\/www.gfs-umweltausschuss.de\/?p=10938"},"modified":"2025-01-06T00:10:31","modified_gmt":"2025-01-05T22:10:31","slug":"arbeitseinsatz-im-schulwald-6","status":"publish","type":"post","link":"https:\/\/www.gfs-umweltausschuss.de\/?p=10938","title":{"rendered":"Arbeitseinsatz im Schulwald"},"content":{"rendered":"<p><a href=\"https:\/\/www.gfs-umweltausschuss.de\/wp-content\/uploads\/250102_Schulwald-72.jpg\" target=\"_blank\" rel=\"noopener\"><img loading=\"lazy\" decoding=\"async\" class=\"aligncenter wp-image-10939\" src=\"https:\/\/www.gfs-umweltausschuss.de\/wp-content\/uploads\/250102_Schulwald-72-150x150.jpg\" alt=\"\" width=\"120\" height=\"120\" \/><\/a>2. Januar 2025 und Sonnenschein: Zeit f\u00fcr den Schulwald. Heute trafen wir uns zu Sechst und r\u00e4umten innerhalb von zwei Stunden zwei Fl\u00e4chen voller \u00c4ste und Zweige weg. Bei dem Dezember-<a href=\"https:\/\/www.gfs-umweltausschuss.de\/?p=10896\" target=\"_blank\" rel=\"noopener\">Arbeitseinsatz mit F\u00f6rster<\/a> Torsten Bensemann war uns die Zeit davongelaufen. Nun ist alles auf der neuen Benjeshecke verstaut, die wir heute in der L\u00e4nge von ca. f\u00fcnf auf 12 m verdoppeln konnten.<\/p>\n","protected":false},"excerpt":{"rendered":"<p>2. Januar 2025 und Sonnenschein: Zeit f\u00fcr den Schulwald. Heute trafen wir uns zu Sechst und r\u00e4umten innerhalb von zwei Stunden zwei Fl\u00e4chen voller \u00c4ste und Zweige weg. Bei dem Dezember-Arbeitseinsatz mit F\u00f6rster Torsten Bensemann war uns die Zeit davongelaufen. Nun ist alles auf der neuen Benjeshecke verstaut, die wir heute in der L\u00e4nge von [&hellip;]<\/p>\n","protected":false},"author":3,"featured_media":0,"comment_status":"open","ping_status":"closed","sticky":false,"template":"","format":"standard","meta":{"footnotes":""},"categories":[14,11,4],"tags":[],"class_list":["post-10938","post","type-post","status-publish","format-standard","hentry","category-naturpark-duemmer","category-schulwald","category-umweltaktionen"],"_links":{"self":[{"href":"https:\/\/www.gfs-umweltausschuss.de\/index.php?rest_route=\/wp\/v2\/posts\/10938","targetHints":{"allow":["GET"]}}],"collection":[{"href":"https:\/\/www.gfs-umweltausschuss.de\/index.php?rest_route=\/wp\/v2\/posts"}],"about":[{"href":"https:\/\/www.gfs-umweltausschuss.de\/index.php?rest_route=\/wp\/v2\/types\/post"}],"author":[{"embeddable":true,"href":"https:\/\/www.gfs-umweltausschuss.de\/index.php?rest_route=\/wp\/v2\/users\/3"}],"replies":[{"embeddable":true,"href":"https:\/\/www.gfs-umweltausschuss.de\/index.php?rest_route=%2Fwp%2Fv2%2Fcomments&post=10938"}],"version-history":[{"count":4,"href":"https:\/\/www.gfs-umweltausschuss.de\/index.php?rest_route=\/wp\/v2\/posts\/10938\/revisions"}],"predecessor-version":[{"id":10949,"href":"https:\/\/www.gfs-umweltausschuss.de\/index.php?rest_route=\/wp\/v2\/posts\/10938\/revisions\/10949"}],"wp:attachment":[{"href":"https:\/\/www.gfs-umweltausschuss.de\/index.php?rest_route=%2Fwp%2Fv2%2Fmedia&parent=10938"}],"wp:term":[{"taxonomy":"category","embeddable":true,"href":"https:\/\/www.gfs-umweltausschuss.de\/index.php?rest_route=%2Fwp%2Fv2%2Fcategories&post=10938"},{"taxonomy":"post_tag","embeddable":true,"href":"https:\/\/www.gfs-umweltausschuss.de\/index.php?rest_route=%2Fwp%2Fv2%2Ftags&post=10938"}],"curies":[{"name":"wp","href":"https:\/\/api.w.org\/{rel}","templated":true}]}}