{"id":10970,"date":"2025-01-20T23:55:27","date_gmt":"2025-01-20T21:55:27","guid":{"rendered":"https:\/\/www.gfs-umweltausschuss.de\/?p=10970"},"modified":"2025-01-25T12:00:18","modified_gmt":"2025-01-25T10:00:18","slug":"schulwald-12","status":"publish","type":"post","link":"https:\/\/www.gfs-umweltausschuss.de\/?p=10970","title":{"rendered":"Schulwaldfl\u00e4che teilweise nass"},"content":{"rendered":"<p><a href=\"https:\/\/www.gfs-umweltausschuss.de\/wp-content\/uploads\/250116_Schulwald-72-scaled.jpg\" target=\"_blank\" rel=\"noopener\"><img loading=\"lazy\" decoding=\"async\" class=\"aligncenter wp-image-10971\" src=\"https:\/\/www.gfs-umweltausschuss.de\/wp-content\/uploads\/250116_Schulwald-72-150x150.jpg\" alt=\"\" width=\"120\" height=\"120\" \/><\/a>Die Fl\u00e4che zwischen Schulwald und Hunte ist derzeit sehr nass. Im Wald ist es nicht ganz so wasserreich und die B\u00e4ume haben bisher gr\u00f6\u00dftenteils keine Schwierigkeiten.<\/p>\n","protected":false},"excerpt":{"rendered":"<p>Die Fl\u00e4che zwischen Schulwald und Hunte ist derzeit sehr nass. Im Wald ist es nicht ganz so wasserreich und die B\u00e4ume haben bisher gr\u00f6\u00dftenteils keine Schwierigkeiten.<\/p>\n","protected":false},"author":3,"featured_media":0,"comment_status":"open","ping_status":"closed","sticky":false,"template":"","format":"standard","meta":{"footnotes":""},"categories":[14,11],"tags":[],"class_list":["post-10970","post","type-post","status-publish","format-standard","hentry","category-naturpark-duemmer","category-schulwald"],"_links":{"self":[{"href":"https:\/\/www.gfs-umweltausschuss.de\/index.php?rest_route=\/wp\/v2\/posts\/10970","targetHints":{"allow":["GET"]}}],"collection":[{"href":"https:\/\/www.gfs-umweltausschuss.de\/index.php?rest_route=\/wp\/v2\/posts"}],"about":[{"href":"https:\/\/www.gfs-umweltausschuss.de\/index.php?rest_route=\/wp\/v2\/types\/post"}],"author":[{"embeddable":true,"href":"https:\/\/www.gfs-umweltausschuss.de\/index.php?rest_route=\/wp\/v2\/users\/3"}],"replies":[{"embeddable":true,"href":"https:\/\/www.gfs-umweltausschuss.de\/index.php?rest_route=%2Fwp%2Fv2%2Fcomments&post=10970"}],"version-history":[{"count":3,"href":"https:\/\/www.gfs-umweltausschuss.de\/index.php?rest_route=\/wp\/v2\/posts\/10970\/revisions"}],"predecessor-version":[{"id":11001,"href":"https:\/\/www.gfs-umweltausschuss.de\/index.php?rest_route=\/wp\/v2\/posts\/10970\/revisions\/11001"}],"wp:attachment":[{"href":"https:\/\/www.gfs-umweltausschuss.de\/index.php?rest_route=%2Fwp%2Fv2%2Fmedia&parent=10970"}],"wp:term":[{"taxonomy":"category","embeddable":true,"href":"https:\/\/www.gfs-umweltausschuss.de\/index.php?rest_route=%2Fwp%2Fv2%2Fcategories&post=10970"},{"taxonomy":"post_tag","embeddable":true,"href":"https:\/\/www.gfs-umweltausschuss.de\/index.php?rest_route=%2Fwp%2Fv2%2Ftags&post=10970"}],"curies":[{"name":"wp","href":"https:\/\/api.w.org\/{rel}","templated":true}]}}