{"id":11045,"date":"2025-02-24T23:32:39","date_gmt":"2025-02-24T21:32:39","guid":{"rendered":"https:\/\/www.gfs-umweltausschuss.de\/?p=11045"},"modified":"2025-02-26T23:43:42","modified_gmt":"2025-02-26T21:43:42","slug":"danke-an-die-schulgarten-ag","status":"publish","type":"post","link":"https:\/\/www.gfs-umweltausschuss.de\/?p=11045","title":{"rendered":"Danke an die Schulgarten-AG"},"content":{"rendered":"<p><a href=\"https:\/\/gfs-diepholz.de\/danke-an-die-schulgarten-ag\/\" target=\"_blank\" rel=\"noopener\"><img loading=\"lazy\" decoding=\"async\" class=\"aligncenter wp-image-11046\" src=\"https:\/\/www.gfs-umweltausschuss.de\/wp-content\/uploads\/250220_Moor-150x150.jpg\" alt=\"\" width=\"120\" height=\"120\" \/><\/a>Die zweite Fahrt der Schulgarten-AG ins Moor am 20.2.2025 sei als Anlass genommen, sich einmal ausdr\u00fccklich bei den Mitgliedern zu bedanken: f\u00fcr ihre Einsatz- und Hilfsbereitschaft, ihre guten Ideen, ihre Offenheit und ihre gute Laune, die auch uns immer wieder neu motiviert. Das gilt nicht nur f\u00fcr die Arbeit im Schulgarten, die nun nach der Winterpause wieder losgeht, sondern auch f\u00fcr Eins\u00e4tze im Schulwald, generell auf dem Schulgel\u00e4nde oder, wie zuletzt, im Diepholzer Moor. <a href=\"https:\/\/gfs-diepholz.de\/danke-an-die-schulgarten-ag\/\" target=\"_blank\" rel=\"noopener\">Hier<\/a> geht es zu den Bildern.<\/p>\n","protected":false},"excerpt":{"rendered":"<p>Die zweite Fahrt der Schulgarten-AG ins Moor am 20.2.2025 sei als Anlass genommen, sich einmal ausdr\u00fccklich bei den Mitgliedern zu bedanken: f\u00fcr ihre Einsatz- und Hilfsbereitschaft, ihre guten Ideen, ihre Offenheit und ihre gute Laune, die auch uns immer wieder neu motiviert. Das gilt nicht nur f\u00fcr die Arbeit im Schulgarten, die nun nach der [&hellip;]<\/p>\n","protected":false},"author":3,"featured_media":0,"comment_status":"open","ping_status":"closed","sticky":false,"template":"","format":"standard","meta":{"footnotes":""},"categories":[13,14,4],"tags":[],"class_list":["post-11045","post","type-post","status-publish","format-standard","hentry","category-moor","category-naturpark-duemmer","category-umweltaktionen"],"_links":{"self":[{"href":"https:\/\/www.gfs-umweltausschuss.de\/index.php?rest_route=\/wp\/v2\/posts\/11045","targetHints":{"allow":["GET"]}}],"collection":[{"href":"https:\/\/www.gfs-umweltausschuss.de\/index.php?rest_route=\/wp\/v2\/posts"}],"about":[{"href":"https:\/\/www.gfs-umweltausschuss.de\/index.php?rest_route=\/wp\/v2\/types\/post"}],"author":[{"embeddable":true,"href":"https:\/\/www.gfs-umweltausschuss.de\/index.php?rest_route=\/wp\/v2\/users\/3"}],"replies":[{"embeddable":true,"href":"https:\/\/www.gfs-umweltausschuss.de\/index.php?rest_route=%2Fwp%2Fv2%2Fcomments&post=11045"}],"version-history":[{"count":3,"href":"https:\/\/www.gfs-umweltausschuss.de\/index.php?rest_route=\/wp\/v2\/posts\/11045\/revisions"}],"predecessor-version":[{"id":11052,"href":"https:\/\/www.gfs-umweltausschuss.de\/index.php?rest_route=\/wp\/v2\/posts\/11045\/revisions\/11052"}],"wp:attachment":[{"href":"https:\/\/www.gfs-umweltausschuss.de\/index.php?rest_route=%2Fwp%2Fv2%2Fmedia&parent=11045"}],"wp:term":[{"taxonomy":"category","embeddable":true,"href":"https:\/\/www.gfs-umweltausschuss.de\/index.php?rest_route=%2Fwp%2Fv2%2Fcategories&post=11045"},{"taxonomy":"post_tag","embeddable":true,"href":"https:\/\/www.gfs-umweltausschuss.de\/index.php?rest_route=%2Fwp%2Fv2%2Ftags&post=11045"}],"curies":[{"name":"wp","href":"https:\/\/api.w.org\/{rel}","templated":true}]}}