{"id":11126,"date":"2025-04-15T00:43:51","date_gmt":"2025-04-14T22:43:51","guid":{"rendered":"https:\/\/www.gfs-umweltausschuss.de\/?p=11126"},"modified":"2025-04-15T00:44:02","modified_gmt":"2025-04-14T22:44:02","slug":"stoerche-2","status":"publish","type":"post","link":"https:\/\/www.gfs-umweltausschuss.de\/?p=11126","title":{"rendered":"Neues von den St\u00f6rchen"},"content":{"rendered":"<p><a href=\"https:\/\/www.gfs-umweltausschuss.de\/wp-content\/uploads\/240414_Storch-am-Brueten-scaled.jpg\" target=\"_blank\" rel=\"noopener\"><img loading=\"lazy\" decoding=\"async\" class=\"aligncenter wp-image-11127\" src=\"https:\/\/www.gfs-umweltausschuss.de\/wp-content\/uploads\/240414_Storch-am-Brueten-150x150.jpg\" alt=\"\" width=\"120\" height=\"120\" \/><\/a>Noch haben sich die St\u00f6rche gl\u00fccklicherweise nicht durch den Baul\u00e4rm vertreiben lassen, sondern anscheinend mit dem Br\u00fcten begonnen. Bei dem heutigen Besuch konnte auch beobachtet werden, wie weiteres Baumaterial gebracht wurde und wie ein dritter Storch anhaltend Interesse bekundete, aber schlie\u00dflich doch aufgab.<\/p>\n","protected":false},"excerpt":{"rendered":"<p>Noch haben sich die St\u00f6rche gl\u00fccklicherweise nicht durch den Baul\u00e4rm vertreiben lassen, sondern anscheinend mit dem Br\u00fcten begonnen. Bei dem heutigen Besuch konnte auch beobachtet werden, wie weiteres Baumaterial gebracht wurde und wie ein dritter Storch anhaltend Interesse bekundete, aber schlie\u00dflich doch aufgab.<\/p>\n","protected":false},"author":3,"featured_media":0,"comment_status":"open","ping_status":"closed","sticky":false,"template":"","format":"standard","meta":{"footnotes":""},"categories":[14,11,10],"tags":[],"class_list":["post-11126","post","type-post","status-publish","format-standard","hentry","category-naturpark-duemmer","category-schulwald","category-tiere"],"_links":{"self":[{"href":"https:\/\/www.gfs-umweltausschuss.de\/index.php?rest_route=\/wp\/v2\/posts\/11126","targetHints":{"allow":["GET"]}}],"collection":[{"href":"https:\/\/www.gfs-umweltausschuss.de\/index.php?rest_route=\/wp\/v2\/posts"}],"about":[{"href":"https:\/\/www.gfs-umweltausschuss.de\/index.php?rest_route=\/wp\/v2\/types\/post"}],"author":[{"embeddable":true,"href":"https:\/\/www.gfs-umweltausschuss.de\/index.php?rest_route=\/wp\/v2\/users\/3"}],"replies":[{"embeddable":true,"href":"https:\/\/www.gfs-umweltausschuss.de\/index.php?rest_route=%2Fwp%2Fv2%2Fcomments&post=11126"}],"version-history":[{"count":2,"href":"https:\/\/www.gfs-umweltausschuss.de\/index.php?rest_route=\/wp\/v2\/posts\/11126\/revisions"}],"predecessor-version":[{"id":11129,"href":"https:\/\/www.gfs-umweltausschuss.de\/index.php?rest_route=\/wp\/v2\/posts\/11126\/revisions\/11129"}],"wp:attachment":[{"href":"https:\/\/www.gfs-umweltausschuss.de\/index.php?rest_route=%2Fwp%2Fv2%2Fmedia&parent=11126"}],"wp:term":[{"taxonomy":"category","embeddable":true,"href":"https:\/\/www.gfs-umweltausschuss.de\/index.php?rest_route=%2Fwp%2Fv2%2Fcategories&post=11126"},{"taxonomy":"post_tag","embeddable":true,"href":"https:\/\/www.gfs-umweltausschuss.de\/index.php?rest_route=%2Fwp%2Fv2%2Ftags&post=11126"}],"curies":[{"name":"wp","href":"https:\/\/api.w.org\/{rel}","templated":true}]}}