{"id":11201,"date":"2025-05-15T11:56:21","date_gmt":"2025-05-15T09:56:21","guid":{"rendered":"https:\/\/www.gfs-umweltausschuss.de\/?p=11201"},"modified":"2025-05-15T12:20:02","modified_gmt":"2025-05-15T10:20:02","slug":"zusaetzliches-treffen-im-schulgarten","status":"publish","type":"post","link":"https:\/\/www.gfs-umweltausschuss.de\/?p=11201","title":{"rendered":"M\u00e4harbeit im Schulwald"},"content":{"rendered":"<p><a href=\"https:\/\/www.gfs-umweltausschuss.de\/wp-content\/uploads\/250513_Schulwald_Maeharbeiten-72-scaled.jpg\" target=\"_blank\" rel=\"noopener\"><img loading=\"lazy\" decoding=\"async\" class=\"aligncenter wp-image-11208\" src=\"https:\/\/www.gfs-umweltausschuss.de\/wp-content\/uploads\/250513_Schulwald_Maeharbeiten-72-150x150.jpg\" alt=\"\" width=\"120\" height=\"120\" \/><\/a>Leider k\u00f6nnen wir die M\u00e4harbeiten aufgrund fehlender Maschinen nicht selbst durchf\u00fchren. Darum kam die Fa. Windhorst, die das bisher immer f\u00fcr uns erledigt hat, wieder mit Aufsitzm\u00e4her und Freischneider. Nun ist der Wald wieder einfacher durchstreifbar.<\/p>\n","protected":false},"excerpt":{"rendered":"<p>Leider k\u00f6nnen wir die M\u00e4harbeiten aufgrund fehlender Maschinen nicht selbst durchf\u00fchren. Darum kam die Fa. Windhorst, die das bisher immer f\u00fcr uns erledigt hat, wieder mit Aufsitzm\u00e4her und Freischneider. Nun ist der Wald wieder einfacher durchstreifbar.<\/p>\n","protected":false},"author":3,"featured_media":0,"comment_status":"open","ping_status":"closed","sticky":false,"template":"","format":"standard","meta":{"footnotes":""},"categories":[14,9,4],"tags":[],"class_list":["post-11201","post","type-post","status-publish","format-standard","hentry","category-naturpark-duemmer","category-schulgarten","category-umweltaktionen"],"_links":{"self":[{"href":"https:\/\/www.gfs-umweltausschuss.de\/index.php?rest_route=\/wp\/v2\/posts\/11201","targetHints":{"allow":["GET"]}}],"collection":[{"href":"https:\/\/www.gfs-umweltausschuss.de\/index.php?rest_route=\/wp\/v2\/posts"}],"about":[{"href":"https:\/\/www.gfs-umweltausschuss.de\/index.php?rest_route=\/wp\/v2\/types\/post"}],"author":[{"embeddable":true,"href":"https:\/\/www.gfs-umweltausschuss.de\/index.php?rest_route=\/wp\/v2\/users\/3"}],"replies":[{"embeddable":true,"href":"https:\/\/www.gfs-umweltausschuss.de\/index.php?rest_route=%2Fwp%2Fv2%2Fcomments&post=11201"}],"version-history":[{"count":4,"href":"https:\/\/www.gfs-umweltausschuss.de\/index.php?rest_route=\/wp\/v2\/posts\/11201\/revisions"}],"predecessor-version":[{"id":11209,"href":"https:\/\/www.gfs-umweltausschuss.de\/index.php?rest_route=\/wp\/v2\/posts\/11201\/revisions\/11209"}],"wp:attachment":[{"href":"https:\/\/www.gfs-umweltausschuss.de\/index.php?rest_route=%2Fwp%2Fv2%2Fmedia&parent=11201"}],"wp:term":[{"taxonomy":"category","embeddable":true,"href":"https:\/\/www.gfs-umweltausschuss.de\/index.php?rest_route=%2Fwp%2Fv2%2Fcategories&post=11201"},{"taxonomy":"post_tag","embeddable":true,"href":"https:\/\/www.gfs-umweltausschuss.de\/index.php?rest_route=%2Fwp%2Fv2%2Ftags&post=11201"}],"curies":[{"name":"wp","href":"https:\/\/api.w.org\/{rel}","templated":true}]}}