{"id":11205,"date":"2025-05-15T12:15:30","date_gmt":"2025-05-15T10:15:30","guid":{"rendered":"https:\/\/www.gfs-umweltausschuss.de\/?p=11205"},"modified":"2025-05-16T01:03:35","modified_gmt":"2025-05-15T23:03:35","slug":"zusaetzliches-treffen-im-schulgarten-2","status":"publish","type":"post","link":"https:\/\/www.gfs-umweltausschuss.de\/?p=11205","title":{"rendered":"Zus\u00e4tzliches Treffen im Schulgarten"},"content":{"rendered":"<p><a href=\"https:\/\/www.gfs-umweltausschuss.de\/wp-content\/uploads\/Schulgarten_336_250513-72.jpg\" target=\"_blank\" rel=\"noopener\"><img loading=\"lazy\" decoding=\"async\" class=\"aligncenter wp-image-11219\" src=\"https:\/\/www.gfs-umweltausschuss.de\/wp-content\/uploads\/Schulgarten_336_250513-72-150x150.jpg\" alt=\"\" width=\"120\" height=\"120\" \/><\/a>Anl\u00e4sslich des Besuches eines Photographen f\u00fcr die Naturparke hatten wir\u00a0 am Dienstag (13.5.) ein zus\u00e4tzliches Treffen. Die Besucher erlebten einen mit Leben und Aktivit\u00e4t erf\u00fcllten Schulgarten. Im Zentrum der Aufmerksamkeit stand neben dem Gel\u00e4nde selbst und anderen Aktivit\u00e4ten die Befestigung des Flusslaufrandes, wof\u00fcr der Heimatverein Aschen dankenswerterweise Dachziegel zur Verf\u00fcgung gestellt hatte und womit wir ein gutes St\u00fcck weiterkamen. Am Donnerstag geht&#8217;s weiter.<\/p>\n","protected":false},"excerpt":{"rendered":"<p>Anl\u00e4sslich des Besuches eines Photographen f\u00fcr die Naturparke hatten wir\u00a0 am Dienstag (13.5.) ein zus\u00e4tzliches Treffen. Die Besucher erlebten einen mit Leben und Aktivit\u00e4t erf\u00fcllten Schulgarten. Im Zentrum der Aufmerksamkeit stand neben dem Gel\u00e4nde selbst und anderen Aktivit\u00e4ten die Befestigung des Flusslaufrandes, wof\u00fcr der Heimatverein Aschen dankenswerterweise Dachziegel zur Verf\u00fcgung gestellt hatte und womit wir [&hellip;]<\/p>\n","protected":false},"author":3,"featured_media":0,"comment_status":"open","ping_status":"closed","sticky":false,"template":"","format":"standard","meta":{"footnotes":""},"categories":[14,9,4],"tags":[],"class_list":["post-11205","post","type-post","status-publish","format-standard","hentry","category-naturpark-duemmer","category-schulgarten","category-umweltaktionen"],"_links":{"self":[{"href":"https:\/\/www.gfs-umweltausschuss.de\/index.php?rest_route=\/wp\/v2\/posts\/11205","targetHints":{"allow":["GET"]}}],"collection":[{"href":"https:\/\/www.gfs-umweltausschuss.de\/index.php?rest_route=\/wp\/v2\/posts"}],"about":[{"href":"https:\/\/www.gfs-umweltausschuss.de\/index.php?rest_route=\/wp\/v2\/types\/post"}],"author":[{"embeddable":true,"href":"https:\/\/www.gfs-umweltausschuss.de\/index.php?rest_route=\/wp\/v2\/users\/3"}],"replies":[{"embeddable":true,"href":"https:\/\/www.gfs-umweltausschuss.de\/index.php?rest_route=%2Fwp%2Fv2%2Fcomments&post=11205"}],"version-history":[{"count":4,"href":"https:\/\/www.gfs-umweltausschuss.de\/index.php?rest_route=\/wp\/v2\/posts\/11205\/revisions"}],"predecessor-version":[{"id":11220,"href":"https:\/\/www.gfs-umweltausschuss.de\/index.php?rest_route=\/wp\/v2\/posts\/11205\/revisions\/11220"}],"wp:attachment":[{"href":"https:\/\/www.gfs-umweltausschuss.de\/index.php?rest_route=%2Fwp%2Fv2%2Fmedia&parent=11205"}],"wp:term":[{"taxonomy":"category","embeddable":true,"href":"https:\/\/www.gfs-umweltausschuss.de\/index.php?rest_route=%2Fwp%2Fv2%2Fcategories&post=11205"},{"taxonomy":"post_tag","embeddable":true,"href":"https:\/\/www.gfs-umweltausschuss.de\/index.php?rest_route=%2Fwp%2Fv2%2Ftags&post=11205"}],"curies":[{"name":"wp","href":"https:\/\/api.w.org\/{rel}","templated":true}]}}