{"id":11221,"date":"2025-05-16T01:07:00","date_gmt":"2025-05-15T23:07:00","guid":{"rendered":"https:\/\/www.gfs-umweltausschuss.de\/?p=11221"},"modified":"2025-05-20T01:15:08","modified_gmt":"2025-05-19T23:15:08","slug":"arbeitseinsatz-im-schulgarten-74","status":"publish","type":"post","link":"https:\/\/www.gfs-umweltausschuss.de\/?p=11221","title":{"rendered":"Arbeitseinsatz im Schulgarten"},"content":{"rendered":"<p><a href=\"https:\/\/www.gfs-umweltausschuss.de\/wp-content\/uploads\/Schulgarten_337_250515-72.jpg\" target=\"_blank\" rel=\"noopener\"><img loading=\"lazy\" decoding=\"async\" class=\"aligncenter wp-image-11240\" src=\"https:\/\/www.gfs-umweltausschuss.de\/wp-content\/uploads\/Schulgarten_337_250515-72-150x150.jpg\" alt=\"\" width=\"120\" height=\"120\" \/><\/a>Weiterarbeiten am Flusslauf, Aufbereitung des Moorbeetes und des Schattenbeetes, Entfernen weiterer \u00c4ste aus dem Teich, Rasenm\u00e4hen, W\u00e4ssern &#8230; &#8211; wieder haben wir viel geschafft!<\/p>\n","protected":false},"excerpt":{"rendered":"<p>Weiterarbeiten am Flusslauf, Aufbereitung des Moorbeetes und des Schattenbeetes, Entfernen weiterer \u00c4ste aus dem Teich, Rasenm\u00e4hen, W\u00e4ssern &#8230; &#8211; wieder haben wir viel geschafft!<\/p>\n","protected":false},"author":3,"featured_media":0,"comment_status":"open","ping_status":"closed","sticky":false,"template":"","format":"standard","meta":{"footnotes":""},"categories":[14,9,4],"tags":[],"class_list":["post-11221","post","type-post","status-publish","format-standard","hentry","category-naturpark-duemmer","category-schulgarten","category-umweltaktionen"],"_links":{"self":[{"href":"https:\/\/www.gfs-umweltausschuss.de\/index.php?rest_route=\/wp\/v2\/posts\/11221","targetHints":{"allow":["GET"]}}],"collection":[{"href":"https:\/\/www.gfs-umweltausschuss.de\/index.php?rest_route=\/wp\/v2\/posts"}],"about":[{"href":"https:\/\/www.gfs-umweltausschuss.de\/index.php?rest_route=\/wp\/v2\/types\/post"}],"author":[{"embeddable":true,"href":"https:\/\/www.gfs-umweltausschuss.de\/index.php?rest_route=\/wp\/v2\/users\/3"}],"replies":[{"embeddable":true,"href":"https:\/\/www.gfs-umweltausschuss.de\/index.php?rest_route=%2Fwp%2Fv2%2Fcomments&post=11221"}],"version-history":[{"count":4,"href":"https:\/\/www.gfs-umweltausschuss.de\/index.php?rest_route=\/wp\/v2\/posts\/11221\/revisions"}],"predecessor-version":[{"id":11241,"href":"https:\/\/www.gfs-umweltausschuss.de\/index.php?rest_route=\/wp\/v2\/posts\/11221\/revisions\/11241"}],"wp:attachment":[{"href":"https:\/\/www.gfs-umweltausschuss.de\/index.php?rest_route=%2Fwp%2Fv2%2Fmedia&parent=11221"}],"wp:term":[{"taxonomy":"category","embeddable":true,"href":"https:\/\/www.gfs-umweltausschuss.de\/index.php?rest_route=%2Fwp%2Fv2%2Fcategories&post=11221"},{"taxonomy":"post_tag","embeddable":true,"href":"https:\/\/www.gfs-umweltausschuss.de\/index.php?rest_route=%2Fwp%2Fv2%2Ftags&post=11221"}],"curies":[{"name":"wp","href":"https:\/\/api.w.org\/{rel}","templated":true}]}}