{"id":11237,"date":"2025-05-20T01:08:38","date_gmt":"2025-05-19T23:08:38","guid":{"rendered":"https:\/\/www.gfs-umweltausschuss.de\/?p=11237"},"modified":"2025-05-20T01:19:49","modified_gmt":"2025-05-19T23:19:49","slug":"arbeitseinsatz-am-moorerlebnispfad-2","status":"publish","type":"post","link":"https:\/\/www.gfs-umweltausschuss.de\/?p=11237","title":{"rendered":"Arbeitseinsatz am Moorerlebnispfad"},"content":{"rendered":"<p><a href=\"https:\/\/www.gfs-umweltausschuss.de\/wp-content\/uploads\/250517_Mooreinsatz-scaled.jpg\"><img loading=\"lazy\" decoding=\"async\" class=\"aligncenter wp-image-11238\" src=\"https:\/\/www.gfs-umweltausschuss.de\/wp-content\/uploads\/250517_Mooreinsatz-150x150.jpg\" alt=\"\" width=\"120\" height=\"120\" \/><\/a>&#8230; leider nur in f\u00fcnfk\u00f6pfiger Gruppe, aber trotzdem viel geschafft! Photos: Dieter Tornow<\/p>\n<p>Der n\u00e4chste Arbeitseinsatz findet am kommenden Samstag ab 9 Uhr statt. Helfer sind herzlich willkommen.<\/p>\n","protected":false},"excerpt":{"rendered":"<p>&#8230; leider nur in f\u00fcnfk\u00f6pfiger Gruppe, aber trotzdem viel geschafft! Photos: Dieter Tornow Der n\u00e4chste Arbeitseinsatz findet am kommenden Samstag ab 9 Uhr statt. Helfer sind herzlich willkommen.<\/p>\n","protected":false},"author":3,"featured_media":0,"comment_status":"open","ping_status":"closed","sticky":false,"template":"","format":"standard","meta":{"footnotes":""},"categories":[13,14,4],"tags":[],"class_list":["post-11237","post","type-post","status-publish","format-standard","hentry","category-moor","category-naturpark-duemmer","category-umweltaktionen"],"_links":{"self":[{"href":"https:\/\/www.gfs-umweltausschuss.de\/index.php?rest_route=\/wp\/v2\/posts\/11237","targetHints":{"allow":["GET"]}}],"collection":[{"href":"https:\/\/www.gfs-umweltausschuss.de\/index.php?rest_route=\/wp\/v2\/posts"}],"about":[{"href":"https:\/\/www.gfs-umweltausschuss.de\/index.php?rest_route=\/wp\/v2\/types\/post"}],"author":[{"embeddable":true,"href":"https:\/\/www.gfs-umweltausschuss.de\/index.php?rest_route=\/wp\/v2\/users\/3"}],"replies":[{"embeddable":true,"href":"https:\/\/www.gfs-umweltausschuss.de\/index.php?rest_route=%2Fwp%2Fv2%2Fcomments&post=11237"}],"version-history":[{"count":2,"href":"https:\/\/www.gfs-umweltausschuss.de\/index.php?rest_route=\/wp\/v2\/posts\/11237\/revisions"}],"predecessor-version":[{"id":11242,"href":"https:\/\/www.gfs-umweltausschuss.de\/index.php?rest_route=\/wp\/v2\/posts\/11237\/revisions\/11242"}],"wp:attachment":[{"href":"https:\/\/www.gfs-umweltausschuss.de\/index.php?rest_route=%2Fwp%2Fv2%2Fmedia&parent=11237"}],"wp:term":[{"taxonomy":"category","embeddable":true,"href":"https:\/\/www.gfs-umweltausschuss.de\/index.php?rest_route=%2Fwp%2Fv2%2Fcategories&post=11237"},{"taxonomy":"post_tag","embeddable":true,"href":"https:\/\/www.gfs-umweltausschuss.de\/index.php?rest_route=%2Fwp%2Fv2%2Ftags&post=11237"}],"curies":[{"name":"wp","href":"https:\/\/api.w.org\/{rel}","templated":true}]}}