{"id":11263,"date":"2025-05-27T01:14:49","date_gmt":"2025-05-26T23:14:49","guid":{"rendered":"https:\/\/www.gfs-umweltausschuss.de\/?p=11263"},"modified":"2025-05-27T01:15:12","modified_gmt":"2025-05-26T23:15:12","slug":"arbeitseinsatz-im-schulgarten-76","status":"publish","type":"post","link":"https:\/\/www.gfs-umweltausschuss.de\/?p=11263","title":{"rendered":"Arbeitseinsatz im Schulgarten"},"content":{"rendered":"<p><a href=\"https:\/\/www.gfs-umweltausschuss.de\/wp-content\/uploads\/Schulgarten_339_250526-72.jpg\" target=\"_blank\" rel=\"noopener\"><img loading=\"lazy\" decoding=\"async\" class=\"aligncenter wp-image-11264\" src=\"https:\/\/www.gfs-umweltausschuss.de\/wp-content\/uploads\/Schulgarten_339_250526-72-150x150.jpg\" alt=\"\" width=\"120\" height=\"120\" \/><\/a>Da am kommenden Donnerstag wegen des Feiertages Christi Himmelfahrt schulfrei ist, haben wir uns am Montag in kleiner Gruppe zu einem Arbeitseinsatz getroffen. Dabei haben wir u.a. Kapuzinerkresse und Sonnenblumen am Flusslauf gepflanzt, ein ganz besonderes Vogelh\u00e4uschen und einen Eichh\u00f6rnchen-F\u00fctterungskasten aufgeh\u00e4ngt und Lucas &#8222;Gerstenbeet&#8220; vorbereitet.<\/p>\n","protected":false},"excerpt":{"rendered":"<p>Da am kommenden Donnerstag wegen des Feiertages Christi Himmelfahrt schulfrei ist, haben wir uns am Montag in kleiner Gruppe zu einem Arbeitseinsatz getroffen. Dabei haben wir u.a. Kapuzinerkresse und Sonnenblumen am Flusslauf gepflanzt, ein ganz besonderes Vogelh\u00e4uschen und einen Eichh\u00f6rnchen-F\u00fctterungskasten aufgeh\u00e4ngt und Lucas &#8222;Gerstenbeet&#8220; vorbereitet.<\/p>\n","protected":false},"author":3,"featured_media":0,"comment_status":"open","ping_status":"closed","sticky":false,"template":"","format":"standard","meta":{"footnotes":""},"categories":[14,9,10,4],"tags":[],"class_list":["post-11263","post","type-post","status-publish","format-standard","hentry","category-naturpark-duemmer","category-schulgarten","category-tiere","category-umweltaktionen"],"_links":{"self":[{"href":"https:\/\/www.gfs-umweltausschuss.de\/index.php?rest_route=\/wp\/v2\/posts\/11263","targetHints":{"allow":["GET"]}}],"collection":[{"href":"https:\/\/www.gfs-umweltausschuss.de\/index.php?rest_route=\/wp\/v2\/posts"}],"about":[{"href":"https:\/\/www.gfs-umweltausschuss.de\/index.php?rest_route=\/wp\/v2\/types\/post"}],"author":[{"embeddable":true,"href":"https:\/\/www.gfs-umweltausschuss.de\/index.php?rest_route=\/wp\/v2\/users\/3"}],"replies":[{"embeddable":true,"href":"https:\/\/www.gfs-umweltausschuss.de\/index.php?rest_route=%2Fwp%2Fv2%2Fcomments&post=11263"}],"version-history":[{"count":2,"href":"https:\/\/www.gfs-umweltausschuss.de\/index.php?rest_route=\/wp\/v2\/posts\/11263\/revisions"}],"predecessor-version":[{"id":11266,"href":"https:\/\/www.gfs-umweltausschuss.de\/index.php?rest_route=\/wp\/v2\/posts\/11263\/revisions\/11266"}],"wp:attachment":[{"href":"https:\/\/www.gfs-umweltausschuss.de\/index.php?rest_route=%2Fwp%2Fv2%2Fmedia&parent=11263"}],"wp:term":[{"taxonomy":"category","embeddable":true,"href":"https:\/\/www.gfs-umweltausschuss.de\/index.php?rest_route=%2Fwp%2Fv2%2Fcategories&post=11263"},{"taxonomy":"post_tag","embeddable":true,"href":"https:\/\/www.gfs-umweltausschuss.de\/index.php?rest_route=%2Fwp%2Fv2%2Ftags&post=11263"}],"curies":[{"name":"wp","href":"https:\/\/api.w.org\/{rel}","templated":true}]}}