{"id":11347,"date":"2025-06-21T12:46:51","date_gmt":"2025-06-21T10:46:51","guid":{"rendered":"https:\/\/www.gfs-umweltausschuss.de\/?p=11347"},"modified":"2025-06-29T15:30:41","modified_gmt":"2025-06-29T13:30:41","slug":"vorbereitungen-auf-den-tag-der-offenen-tuer","status":"publish","type":"post","link":"https:\/\/www.gfs-umweltausschuss.de\/?p=11347","title":{"rendered":"Vorbereitungen auf den Tag der Offenen T\u00fcr"},"content":{"rendered":"<p><a href=\"https:\/\/www.gfs-umweltausschuss.de\/wp-content\/uploads\/250619_Schulgarten-72.jpg\" target=\"_blank\" rel=\"noopener\"><img loading=\"lazy\" decoding=\"async\" class=\"aligncenter wp-image-11353\" src=\"https:\/\/www.gfs-umweltausschuss.de\/wp-content\/uploads\/250619_Schulgarten-72-150x150.jpg\" alt=\"\" width=\"120\" height=\"120\" \/><\/a>Beim letzten Treffen der Schulgarten-AG begr\u00fc\u00dften wir einen neuen Bewohner des Schulgartens: Fee. Au\u00dferdem bereiteten wir den Schulgarten f\u00fcr den Tag der Offenen T\u00fcr am kommenden Mittwoch vor.<\/p>\n","protected":false},"excerpt":{"rendered":"<p>Beim letzten Treffen der Schulgarten-AG begr\u00fc\u00dften wir einen neuen Bewohner des Schulgartens: Fee. Au\u00dferdem bereiteten wir den Schulgarten f\u00fcr den Tag der Offenen T\u00fcr am kommenden Mittwoch vor.<\/p>\n","protected":false},"author":3,"featured_media":0,"comment_status":"open","ping_status":"closed","sticky":false,"template":"","format":"standard","meta":{"footnotes":""},"categories":[14,9,10,4],"tags":[],"class_list":["post-11347","post","type-post","status-publish","format-standard","hentry","category-naturpark-duemmer","category-schulgarten","category-tiere","category-umweltaktionen"],"_links":{"self":[{"href":"https:\/\/www.gfs-umweltausschuss.de\/index.php?rest_route=\/wp\/v2\/posts\/11347","targetHints":{"allow":["GET"]}}],"collection":[{"href":"https:\/\/www.gfs-umweltausschuss.de\/index.php?rest_route=\/wp\/v2\/posts"}],"about":[{"href":"https:\/\/www.gfs-umweltausschuss.de\/index.php?rest_route=\/wp\/v2\/types\/post"}],"author":[{"embeddable":true,"href":"https:\/\/www.gfs-umweltausschuss.de\/index.php?rest_route=\/wp\/v2\/users\/3"}],"replies":[{"embeddable":true,"href":"https:\/\/www.gfs-umweltausschuss.de\/index.php?rest_route=%2Fwp%2Fv2%2Fcomments&post=11347"}],"version-history":[{"count":3,"href":"https:\/\/www.gfs-umweltausschuss.de\/index.php?rest_route=\/wp\/v2\/posts\/11347\/revisions"}],"predecessor-version":[{"id":11354,"href":"https:\/\/www.gfs-umweltausschuss.de\/index.php?rest_route=\/wp\/v2\/posts\/11347\/revisions\/11354"}],"wp:attachment":[{"href":"https:\/\/www.gfs-umweltausschuss.de\/index.php?rest_route=%2Fwp%2Fv2%2Fmedia&parent=11347"}],"wp:term":[{"taxonomy":"category","embeddable":true,"href":"https:\/\/www.gfs-umweltausschuss.de\/index.php?rest_route=%2Fwp%2Fv2%2Fcategories&post=11347"},{"taxonomy":"post_tag","embeddable":true,"href":"https:\/\/www.gfs-umweltausschuss.de\/index.php?rest_route=%2Fwp%2Fv2%2Ftags&post=11347"}],"curies":[{"name":"wp","href":"https:\/\/api.w.org\/{rel}","templated":true}]}}