{"id":11393,"date":"2025-07-18T17:07:50","date_gmt":"2025-07-18T15:07:50","guid":{"rendered":"https:\/\/www.gfs-umweltausschuss.de\/?p=11393"},"modified":"2025-07-26T18:03:18","modified_gmt":"2025-07-26T16:03:18","slug":"arbeitseinsatz-im-schulgarten-sommerferien-3","status":"publish","type":"post","link":"https:\/\/www.gfs-umweltausschuss.de\/?p=11393","title":{"rendered":"Arbeitseinsatz im Schulgarten (Sommerferien)"},"content":{"rendered":"<p>Wir waren zu Dritt und haben gr\u00f6\u00dftenteils notwendige Schneidearbeiten durchgef\u00fchrt, diesmal leider ohne Photos.<\/p>\n<p>In der vergangenen Woche erhielt das Dach der Schule eine Photovoltaik-Anlage.<\/p>\n","protected":false},"excerpt":{"rendered":"<p>Wir waren zu Dritt und haben gr\u00f6\u00dftenteils notwendige Schneidearbeiten durchgef\u00fchrt, diesmal leider ohne Photos. In der vergangenen Woche erhielt das Dach der Schule eine Photovoltaik-Anlage.<\/p>\n","protected":false},"author":3,"featured_media":0,"comment_status":"open","ping_status":"closed","sticky":false,"template":"","format":"standard","meta":{"footnotes":""},"categories":[14,9,4],"tags":[],"class_list":["post-11393","post","type-post","status-publish","format-standard","hentry","category-naturpark-duemmer","category-schulgarten","category-umweltaktionen"],"_links":{"self":[{"href":"https:\/\/www.gfs-umweltausschuss.de\/index.php?rest_route=\/wp\/v2\/posts\/11393","targetHints":{"allow":["GET"]}}],"collection":[{"href":"https:\/\/www.gfs-umweltausschuss.de\/index.php?rest_route=\/wp\/v2\/posts"}],"about":[{"href":"https:\/\/www.gfs-umweltausschuss.de\/index.php?rest_route=\/wp\/v2\/types\/post"}],"author":[{"embeddable":true,"href":"https:\/\/www.gfs-umweltausschuss.de\/index.php?rest_route=\/wp\/v2\/users\/3"}],"replies":[{"embeddable":true,"href":"https:\/\/www.gfs-umweltausschuss.de\/index.php?rest_route=%2Fwp%2Fv2%2Fcomments&post=11393"}],"version-history":[{"count":3,"href":"https:\/\/www.gfs-umweltausschuss.de\/index.php?rest_route=\/wp\/v2\/posts\/11393\/revisions"}],"predecessor-version":[{"id":11406,"href":"https:\/\/www.gfs-umweltausschuss.de\/index.php?rest_route=\/wp\/v2\/posts\/11393\/revisions\/11406"}],"wp:attachment":[{"href":"https:\/\/www.gfs-umweltausschuss.de\/index.php?rest_route=%2Fwp%2Fv2%2Fmedia&parent=11393"}],"wp:term":[{"taxonomy":"category","embeddable":true,"href":"https:\/\/www.gfs-umweltausschuss.de\/index.php?rest_route=%2Fwp%2Fv2%2Fcategories&post=11393"},{"taxonomy":"post_tag","embeddable":true,"href":"https:\/\/www.gfs-umweltausschuss.de\/index.php?rest_route=%2Fwp%2Fv2%2Ftags&post=11393"}],"curies":[{"name":"wp","href":"https:\/\/api.w.org\/{rel}","templated":true}]}}