{"id":11496,"date":"2025-10-24T15:20:09","date_gmt":"2025-10-24T13:20:09","guid":{"rendered":"https:\/\/www.gfs-umweltausschuss.de\/?p=11496"},"modified":"2025-10-24T15:20:40","modified_gmt":"2025-10-24T13:20:40","slug":"exkursion-zum-schulwald-5","status":"publish","type":"post","link":"https:\/\/www.gfs-umweltausschuss.de\/?p=11496","title":{"rendered":"Exkursion zum Schulwald"},"content":{"rendered":"<p><a href=\"https:\/\/www.gfs-umweltausschuss.de\/wp-content\/uploads\/Schulwald_251009-72.jpg\" target=\"_blank\" rel=\"noopener\"><img loading=\"lazy\" decoding=\"async\" class=\"aligncenter wp-image-11497\" src=\"https:\/\/www.gfs-umweltausschuss.de\/wp-content\/uploads\/Schulwald_251009-72-150x150.jpg\" alt=\"\" width=\"120\" height=\"120\" \/><\/a>An diesem Donnerstag (9.10.) kamen unsere Roller zum Einsatz und wir fuhren zum Schulwald. Unser &#8222;alten Hasen&#8220; machten F\u00fchrungen f\u00fcr die F\u00fcnftkl\u00e4ssler, die schwer beeindruckt waren, dass die Schule solch eine sch\u00f6ne Exklave hat.<\/p>\n","protected":false},"excerpt":{"rendered":"<p>An diesem Donnerstag (9.10.) kamen unsere Roller zum Einsatz und wir fuhren zum Schulwald. Unser &#8222;alten Hasen&#8220; machten F\u00fchrungen f\u00fcr die F\u00fcnftkl\u00e4ssler, die schwer beeindruckt waren, dass die Schule solch eine sch\u00f6ne Exklave hat.<\/p>\n","protected":false},"author":3,"featured_media":0,"comment_status":"open","ping_status":"closed","sticky":false,"template":"","format":"standard","meta":{"footnotes":""},"categories":[14,11,4],"tags":[],"class_list":["post-11496","post","type-post","status-publish","format-standard","hentry","category-naturpark-duemmer","category-schulwald","category-umweltaktionen"],"_links":{"self":[{"href":"https:\/\/www.gfs-umweltausschuss.de\/index.php?rest_route=\/wp\/v2\/posts\/11496","targetHints":{"allow":["GET"]}}],"collection":[{"href":"https:\/\/www.gfs-umweltausschuss.de\/index.php?rest_route=\/wp\/v2\/posts"}],"about":[{"href":"https:\/\/www.gfs-umweltausschuss.de\/index.php?rest_route=\/wp\/v2\/types\/post"}],"author":[{"embeddable":true,"href":"https:\/\/www.gfs-umweltausschuss.de\/index.php?rest_route=\/wp\/v2\/users\/3"}],"replies":[{"embeddable":true,"href":"https:\/\/www.gfs-umweltausschuss.de\/index.php?rest_route=%2Fwp%2Fv2%2Fcomments&post=11496"}],"version-history":[{"count":2,"href":"https:\/\/www.gfs-umweltausschuss.de\/index.php?rest_route=\/wp\/v2\/posts\/11496\/revisions"}],"predecessor-version":[{"id":11499,"href":"https:\/\/www.gfs-umweltausschuss.de\/index.php?rest_route=\/wp\/v2\/posts\/11496\/revisions\/11499"}],"wp:attachment":[{"href":"https:\/\/www.gfs-umweltausschuss.de\/index.php?rest_route=%2Fwp%2Fv2%2Fmedia&parent=11496"}],"wp:term":[{"taxonomy":"category","embeddable":true,"href":"https:\/\/www.gfs-umweltausschuss.de\/index.php?rest_route=%2Fwp%2Fv2%2Fcategories&post=11496"},{"taxonomy":"post_tag","embeddable":true,"href":"https:\/\/www.gfs-umweltausschuss.de\/index.php?rest_route=%2Fwp%2Fv2%2Ftags&post=11496"}],"curies":[{"name":"wp","href":"https:\/\/api.w.org\/{rel}","templated":true}]}}