{"id":11500,"date":"2025-10-24T15:27:45","date_gmt":"2025-10-24T13:27:45","guid":{"rendered":"https:\/\/www.gfs-umweltausschuss.de\/?p=11500"},"modified":"2025-10-24T15:30:31","modified_gmt":"2025-10-24T13:30:31","slug":"arbeitseinsatz-im-schulgarten-84","status":"publish","type":"post","link":"https:\/\/www.gfs-umweltausschuss.de\/?p=11500","title":{"rendered":"Arbeitseinsatz im Schulgarten (Herbstferien)"},"content":{"rendered":"<p><a href=\"https:\/\/www.gfs-umweltausschuss.de\/wp-content\/uploads\/Schulgarten_353_251016-72.jpg\" target=\"_blank\" rel=\"noopener\"><img loading=\"lazy\" decoding=\"async\" class=\"aligncenter wp-image-11501\" src=\"https:\/\/www.gfs-umweltausschuss.de\/wp-content\/uploads\/Schulgarten_353_251016-72-150x150.jpg\" alt=\"\" width=\"120\" height=\"120\" \/><\/a>Bei diesem ersten Arbeitseinsatz waren wir wieder in einer kleinen, aber mega-feinen Feriengruppe. Mit unserer Eidechsenunterkunft kamen wir ein gro\u00dfes St\u00fcck weiter, der Weg zum Steg ist nun auch wieder piccobello und ein Teil des Bereiches, auf dem der Baum f\u00fcr unsere vor einem Jahr verstorbene Mitsch\u00fclerin Hanna gepflanzt werden soll, ist von \u00dcberwucherungen befreit. Am Ende gab es leckeren Birnenkuchen von Frau Buse.<\/p>\n","protected":false},"excerpt":{"rendered":"<p>Bei diesem ersten Arbeitseinsatz waren wir wieder in einer kleinen, aber mega-feinen Feriengruppe. Mit unserer Eidechsenunterkunft kamen wir ein gro\u00dfes St\u00fcck weiter, der Weg zum Steg ist nun auch wieder piccobello und ein Teil des Bereiches, auf dem der Baum f\u00fcr unsere vor einem Jahr verstorbene Mitsch\u00fclerin Hanna gepflanzt werden soll, ist von \u00dcberwucherungen befreit. [&hellip;]<\/p>\n","protected":false},"author":3,"featured_media":0,"comment_status":"open","ping_status":"closed","sticky":false,"template":"","format":"standard","meta":{"footnotes":""},"categories":[14,9,10,4],"tags":[],"class_list":["post-11500","post","type-post","status-publish","format-standard","hentry","category-naturpark-duemmer","category-schulgarten","category-tiere","category-umweltaktionen"],"_links":{"self":[{"href":"https:\/\/www.gfs-umweltausschuss.de\/index.php?rest_route=\/wp\/v2\/posts\/11500","targetHints":{"allow":["GET"]}}],"collection":[{"href":"https:\/\/www.gfs-umweltausschuss.de\/index.php?rest_route=\/wp\/v2\/posts"}],"about":[{"href":"https:\/\/www.gfs-umweltausschuss.de\/index.php?rest_route=\/wp\/v2\/types\/post"}],"author":[{"embeddable":true,"href":"https:\/\/www.gfs-umweltausschuss.de\/index.php?rest_route=\/wp\/v2\/users\/3"}],"replies":[{"embeddable":true,"href":"https:\/\/www.gfs-umweltausschuss.de\/index.php?rest_route=%2Fwp%2Fv2%2Fcomments&post=11500"}],"version-history":[{"count":2,"href":"https:\/\/www.gfs-umweltausschuss.de\/index.php?rest_route=\/wp\/v2\/posts\/11500\/revisions"}],"predecessor-version":[{"id":11503,"href":"https:\/\/www.gfs-umweltausschuss.de\/index.php?rest_route=\/wp\/v2\/posts\/11500\/revisions\/11503"}],"wp:attachment":[{"href":"https:\/\/www.gfs-umweltausschuss.de\/index.php?rest_route=%2Fwp%2Fv2%2Fmedia&parent=11500"}],"wp:term":[{"taxonomy":"category","embeddable":true,"href":"https:\/\/www.gfs-umweltausschuss.de\/index.php?rest_route=%2Fwp%2Fv2%2Fcategories&post=11500"},{"taxonomy":"post_tag","embeddable":true,"href":"https:\/\/www.gfs-umweltausschuss.de\/index.php?rest_route=%2Fwp%2Fv2%2Ftags&post=11500"}],"curies":[{"name":"wp","href":"https:\/\/api.w.org\/{rel}","templated":true}]}}