{"id":11504,"date":"2025-10-24T17:50:09","date_gmt":"2025-10-24T15:50:09","guid":{"rendered":"https:\/\/www.gfs-umweltausschuss.de\/?p=11504"},"modified":"2025-10-24T17:50:09","modified_gmt":"2025-10-24T15:50:09","slug":"arbeitseinsatz-im-schulgarten-herbstferien","status":"publish","type":"post","link":"https:\/\/www.gfs-umweltausschuss.de\/?p=11504","title":{"rendered":"Arbeitseinsatz im Schulgarten (Herbstferien)"},"content":{"rendered":"<p><a href=\"https:\/\/www.gfs-umweltausschuss.de\/wp-content\/uploads\/Schulgarten_355_251023-72.jpg\" target=\"_blank\" rel=\"noopener\"><img loading=\"lazy\" decoding=\"async\" class=\"aligncenter wp-image-11505\" src=\"https:\/\/www.gfs-umweltausschuss.de\/wp-content\/uploads\/Schulgarten_355_251023-72-150x150.jpg\" alt=\"\" width=\"120\" height=\"120\" \/><\/a>Die Ferien machten es m\u00f6glich, dass zwei ganz besondere Ehemalige mit von der Partie sein konnten. Die Wiedersehensfreude war riesig. Auch Tilman nutzte erfreulicherlicherweise wieder den Ferientermin. Alle Anwesenden packten klasse an und gemeinsam schafften wir es nicht nur, die Eidechsenunterkunft nahezu fertigzustellen, sondern auch, die Fl\u00e4che f\u00fcr Hannas Baum vollst\u00e4ndig von \u00dcberwucherungen zu befreien. Eine wohlverdiente Runde Eis rundete den sch\u00f6nen Vormittag ab.<\/p>\n","protected":false},"excerpt":{"rendered":"<p>Die Ferien machten es m\u00f6glich, dass zwei ganz besondere Ehemalige mit von der Partie sein konnten. Die Wiedersehensfreude war riesig. Auch Tilman nutzte erfreulicherlicherweise wieder den Ferientermin. Alle Anwesenden packten klasse an und gemeinsam schafften wir es nicht nur, die Eidechsenunterkunft nahezu fertigzustellen, sondern auch, die Fl\u00e4che f\u00fcr Hannas Baum vollst\u00e4ndig von \u00dcberwucherungen zu befreien. [&hellip;]<\/p>\n","protected":false},"author":3,"featured_media":0,"comment_status":"open","ping_status":"closed","sticky":false,"template":"","format":"standard","meta":{"footnotes":""},"categories":[14,9,10,4],"tags":[],"class_list":["post-11504","post","type-post","status-publish","format-standard","hentry","category-naturpark-duemmer","category-schulgarten","category-tiere","category-umweltaktionen"],"_links":{"self":[{"href":"https:\/\/www.gfs-umweltausschuss.de\/index.php?rest_route=\/wp\/v2\/posts\/11504","targetHints":{"allow":["GET"]}}],"collection":[{"href":"https:\/\/www.gfs-umweltausschuss.de\/index.php?rest_route=\/wp\/v2\/posts"}],"about":[{"href":"https:\/\/www.gfs-umweltausschuss.de\/index.php?rest_route=\/wp\/v2\/types\/post"}],"author":[{"embeddable":true,"href":"https:\/\/www.gfs-umweltausschuss.de\/index.php?rest_route=\/wp\/v2\/users\/3"}],"replies":[{"embeddable":true,"href":"https:\/\/www.gfs-umweltausschuss.de\/index.php?rest_route=%2Fwp%2Fv2%2Fcomments&post=11504"}],"version-history":[{"count":1,"href":"https:\/\/www.gfs-umweltausschuss.de\/index.php?rest_route=\/wp\/v2\/posts\/11504\/revisions"}],"predecessor-version":[{"id":11506,"href":"https:\/\/www.gfs-umweltausschuss.de\/index.php?rest_route=\/wp\/v2\/posts\/11504\/revisions\/11506"}],"wp:attachment":[{"href":"https:\/\/www.gfs-umweltausschuss.de\/index.php?rest_route=%2Fwp%2Fv2%2Fmedia&parent=11504"}],"wp:term":[{"taxonomy":"category","embeddable":true,"href":"https:\/\/www.gfs-umweltausschuss.de\/index.php?rest_route=%2Fwp%2Fv2%2Fcategories&post=11504"},{"taxonomy":"post_tag","embeddable":true,"href":"https:\/\/www.gfs-umweltausschuss.de\/index.php?rest_route=%2Fwp%2Fv2%2Ftags&post=11504"}],"curies":[{"name":"wp","href":"https:\/\/api.w.org\/{rel}","templated":true}]}}