{"id":11559,"date":"2025-12-13T00:38:37","date_gmt":"2025-12-12T22:38:37","guid":{"rendered":"https:\/\/www.gfs-umweltausschuss.de\/?p=11559"},"modified":"2025-12-13T00:38:37","modified_gmt":"2025-12-12T22:38:37","slug":"grosses-aufraeumen-im-schulgarten-ii","status":"publish","type":"post","link":"https:\/\/www.gfs-umweltausschuss.de\/?p=11559","title":{"rendered":"Gro\u00dfes Aufr\u00e4umen im Schulgarten II"},"content":{"rendered":"<p><a href=\"https:\/\/www.gfs-umweltausschuss.de\/wp-content\/uploads\/Schulgarten_359_251211_Eingangsbereich-72.jpg\" target=\"_blank\" rel=\"noopener\"><img loading=\"lazy\" decoding=\"async\" class=\"aligncenter wp-image-11560\" src=\"https:\/\/www.gfs-umweltausschuss.de\/wp-content\/uploads\/Schulgarten_359_251211_Eingangsbereich-72-150x150.jpg\" alt=\"\" width=\"120\" height=\"120\" \/><\/a>&#8230; und Ausheben der L\u00f6cher f\u00fcr die Fundamente der geplanten \u00dcberdachung. WOW, die drei Gruppen waren einfach klasse!<\/p>\n","protected":false},"excerpt":{"rendered":"<p>&#8230; und Ausheben der L\u00f6cher f\u00fcr die Fundamente der geplanten \u00dcberdachung. WOW, die drei Gruppen waren einfach klasse!<\/p>\n","protected":false},"author":3,"featured_media":0,"comment_status":"open","ping_status":"closed","sticky":false,"template":"","format":"standard","meta":{"footnotes":""},"categories":[14,9,4],"tags":[],"class_list":["post-11559","post","type-post","status-publish","format-standard","hentry","category-naturpark-duemmer","category-schulgarten","category-umweltaktionen"],"_links":{"self":[{"href":"https:\/\/www.gfs-umweltausschuss.de\/index.php?rest_route=\/wp\/v2\/posts\/11559","targetHints":{"allow":["GET"]}}],"collection":[{"href":"https:\/\/www.gfs-umweltausschuss.de\/index.php?rest_route=\/wp\/v2\/posts"}],"about":[{"href":"https:\/\/www.gfs-umweltausschuss.de\/index.php?rest_route=\/wp\/v2\/types\/post"}],"author":[{"embeddable":true,"href":"https:\/\/www.gfs-umweltausschuss.de\/index.php?rest_route=\/wp\/v2\/users\/3"}],"replies":[{"embeddable":true,"href":"https:\/\/www.gfs-umweltausschuss.de\/index.php?rest_route=%2Fwp%2Fv2%2Fcomments&post=11559"}],"version-history":[{"count":1,"href":"https:\/\/www.gfs-umweltausschuss.de\/index.php?rest_route=\/wp\/v2\/posts\/11559\/revisions"}],"predecessor-version":[{"id":11561,"href":"https:\/\/www.gfs-umweltausschuss.de\/index.php?rest_route=\/wp\/v2\/posts\/11559\/revisions\/11561"}],"wp:attachment":[{"href":"https:\/\/www.gfs-umweltausschuss.de\/index.php?rest_route=%2Fwp%2Fv2%2Fmedia&parent=11559"}],"wp:term":[{"taxonomy":"category","embeddable":true,"href":"https:\/\/www.gfs-umweltausschuss.de\/index.php?rest_route=%2Fwp%2Fv2%2Fcategories&post=11559"},{"taxonomy":"post_tag","embeddable":true,"href":"https:\/\/www.gfs-umweltausschuss.de\/index.php?rest_route=%2Fwp%2Fv2%2Ftags&post=11559"}],"curies":[{"name":"wp","href":"https:\/\/api.w.org\/{rel}","templated":true}]}}