{"id":11645,"date":"2026-03-15T00:21:33","date_gmt":"2026-03-14T22:21:33","guid":{"rendered":"https:\/\/www.gfs-umweltausschuss.de\/?p=11645"},"modified":"2026-03-30T14:35:59","modified_gmt":"2026-03-30T12:35:59","slug":"arbeitseinsatz-im-schulgarten-und-fahrt-zum-schulwald","status":"publish","type":"post","link":"https:\/\/www.gfs-umweltausschuss.de\/?p=11645","title":{"rendered":"Arbeitseinsatz im Schulgarten und Fahrt zum Schulwald"},"content":{"rendered":"<p><a href=\"https:\/\/www.gfs-umweltausschuss.de\/wp-content\/uploads\/260304_Schulwald_Storch-und-Hausbau-scaled.jpeg\" target=\"_blank\" rel=\"noopener\"><img loading=\"lazy\" decoding=\"async\" class=\"aligncenter wp-image-11659\" src=\"https:\/\/www.gfs-umweltausschuss.de\/wp-content\/uploads\/260304_Schulwald_Storch-und-Hausbau-150x150.jpeg\" alt=\"\" width=\"120\" height=\"120\" \/><\/a>12.3.26, Schulgarten-AG:W\u00e4hrend ein Teil der Gruppe weitere Fr\u00fchjahrsarbeiten im Schulgarten erledigte, begab sich ein anderer Teil der Gruppe zum Schulwald, um dort den Weg freizuschneiden und nach dem Rechten zu sehen. Der Storch ist da, aber leider wird nun an der anderen Seite in unmittelbarer N\u00e4he ein Haus gebaut. Es bleibt zu hoffen, dass der Storch sich auch diesmal nicht durch den Baul\u00e4rm vertreiben l\u00e4sst.<\/p>\n","protected":false},"excerpt":{"rendered":"<p>12.3.26, Schulgarten-AG:W\u00e4hrend ein Teil der Gruppe weitere Fr\u00fchjahrsarbeiten im Schulgarten erledigte, begab sich ein anderer Teil der Gruppe zum Schulwald, um dort den Weg freizuschneiden und nach dem Rechten zu sehen. Der Storch ist da, aber leider wird nun an der anderen Seite in unmittelbarer N\u00e4he ein Haus gebaut. Es bleibt zu hoffen, dass der [&hellip;]<\/p>\n","protected":false},"author":3,"featured_media":0,"comment_status":"open","ping_status":"closed","sticky":false,"template":"","format":"standard","meta":{"footnotes":""},"categories":[14,11,4],"tags":[],"class_list":["post-11645","post","type-post","status-publish","format-standard","hentry","category-naturpark-duemmer","category-schulwald","category-umweltaktionen"],"_links":{"self":[{"href":"https:\/\/www.gfs-umweltausschuss.de\/index.php?rest_route=\/wp\/v2\/posts\/11645","targetHints":{"allow":["GET"]}}],"collection":[{"href":"https:\/\/www.gfs-umweltausschuss.de\/index.php?rest_route=\/wp\/v2\/posts"}],"about":[{"href":"https:\/\/www.gfs-umweltausschuss.de\/index.php?rest_route=\/wp\/v2\/types\/post"}],"author":[{"embeddable":true,"href":"https:\/\/www.gfs-umweltausschuss.de\/index.php?rest_route=\/wp\/v2\/users\/3"}],"replies":[{"embeddable":true,"href":"https:\/\/www.gfs-umweltausschuss.de\/index.php?rest_route=%2Fwp%2Fv2%2Fcomments&post=11645"}],"version-history":[{"count":3,"href":"https:\/\/www.gfs-umweltausschuss.de\/index.php?rest_route=\/wp\/v2\/posts\/11645\/revisions"}],"predecessor-version":[{"id":11663,"href":"https:\/\/www.gfs-umweltausschuss.de\/index.php?rest_route=\/wp\/v2\/posts\/11645\/revisions\/11663"}],"wp:attachment":[{"href":"https:\/\/www.gfs-umweltausschuss.de\/index.php?rest_route=%2Fwp%2Fv2%2Fmedia&parent=11645"}],"wp:term":[{"taxonomy":"category","embeddable":true,"href":"https:\/\/www.gfs-umweltausschuss.de\/index.php?rest_route=%2Fwp%2Fv2%2Fcategories&post=11645"},{"taxonomy":"post_tag","embeddable":true,"href":"https:\/\/www.gfs-umweltausschuss.de\/index.php?rest_route=%2Fwp%2Fv2%2Ftags&post=11645"}],"curies":[{"name":"wp","href":"https:\/\/api.w.org\/{rel}","templated":true}]}}