{"id":2802,"date":"2013-06-13T22:39:01","date_gmt":"2013-06-13T20:39:01","guid":{"rendered":"http:\/\/www.gfs-umweltausschuss.de\/?p=2802"},"modified":"2013-07-30T20:36:18","modified_gmt":"2013-07-30T18:36:18","slug":"hochwasser","status":"publish","type":"post","link":"https:\/\/www.gfs-umweltausschuss.de\/?p=2802","title":{"rendered":"Schulgarten, 13. Arbeitseinsatz"},"content":{"rendered":"<p><a href=\"http:\/\/www.gfs-umweltausschuss.de\/wp-content\/uploads\/2013_6-14_Schulgarten-722.jpg\"><img loading=\"lazy\" decoding=\"async\" class=\"alignright size-thumbnail wp-image-2828\" title=\"2013_6-14_Schulgarten-72\" src=\"http:\/\/www.gfs-umweltausschuss.de\/wp-content\/uploads\/2013_6-14_Schulgarten-722-150x150.jpg\" alt=\"\" width=\"120\" height=\"120\" \/><\/a>Heute, am 14. Juni, in kleiner, aber effektiver Besetzung! Die H\u00fcgelkuppe ist gepl\u00e4ttet, so dass nun auch oben die Gestaltung beginnen kann, und eine weitere Ecke des Schulgartens ist gem\u00e4ht. Es bleibt weiterhin viel zu tun. Am n\u00e4chsten Freitag geht&#8217;s weiter!<\/p>\n<p>&nbsp;<\/p>\n","protected":false},"excerpt":{"rendered":"<p>Heute, am 14. Juni, in kleiner, aber effektiver Besetzung! Die H\u00fcgelkuppe ist gepl\u00e4ttet, so dass nun auch oben die Gestaltung beginnen kann, und eine weitere Ecke des Schulgartens ist gem\u00e4ht. Es bleibt weiterhin viel zu tun. Am n\u00e4chsten Freitag geht&#8217;s weiter! &nbsp;<\/p>\n","protected":false},"author":3,"featured_media":0,"comment_status":"open","ping_status":"closed","sticky":false,"template":"","format":"standard","meta":{"footnotes":""},"categories":[9,4],"tags":[],"class_list":["post-2802","post","type-post","status-publish","format-standard","hentry","category-schulgarten","category-umweltaktionen"],"_links":{"self":[{"href":"https:\/\/www.gfs-umweltausschuss.de\/index.php?rest_route=\/wp\/v2\/posts\/2802","targetHints":{"allow":["GET"]}}],"collection":[{"href":"https:\/\/www.gfs-umweltausschuss.de\/index.php?rest_route=\/wp\/v2\/posts"}],"about":[{"href":"https:\/\/www.gfs-umweltausschuss.de\/index.php?rest_route=\/wp\/v2\/types\/post"}],"author":[{"embeddable":true,"href":"https:\/\/www.gfs-umweltausschuss.de\/index.php?rest_route=\/wp\/v2\/users\/3"}],"replies":[{"embeddable":true,"href":"https:\/\/www.gfs-umweltausschuss.de\/index.php?rest_route=%2Fwp%2Fv2%2Fcomments&post=2802"}],"version-history":[{"count":5,"href":"https:\/\/www.gfs-umweltausschuss.de\/index.php?rest_route=\/wp\/v2\/posts\/2802\/revisions"}],"predecessor-version":[{"id":3008,"href":"https:\/\/www.gfs-umweltausschuss.de\/index.php?rest_route=\/wp\/v2\/posts\/2802\/revisions\/3008"}],"wp:attachment":[{"href":"https:\/\/www.gfs-umweltausschuss.de\/index.php?rest_route=%2Fwp%2Fv2%2Fmedia&parent=2802"}],"wp:term":[{"taxonomy":"category","embeddable":true,"href":"https:\/\/www.gfs-umweltausschuss.de\/index.php?rest_route=%2Fwp%2Fv2%2Fcategories&post=2802"},{"taxonomy":"post_tag","embeddable":true,"href":"https:\/\/www.gfs-umweltausschuss.de\/index.php?rest_route=%2Fwp%2Fv2%2Ftags&post=2802"}],"curies":[{"name":"wp","href":"https:\/\/api.w.org\/{rel}","templated":true}]}}