{"id":3147,"date":"2013-08-29T17:34:42","date_gmt":"2013-08-29T15:34:42","guid":{"rendered":"http:\/\/www.gfs-umweltausschuss.de\/?p=3147"},"modified":"2013-08-29T18:13:16","modified_gmt":"2013-08-29T16:13:16","slug":"schulgarten-23-arbeitseinsatz-mit-internationaler-unterstutzung","status":"publish","type":"post","link":"https:\/\/www.gfs-umweltausschuss.de\/?p=3147","title":{"rendered":"Schulgarten, 23. Arbeitseinsatz &#8211; mit internationaler Unterst\u00fctzung"},"content":{"rendered":"<p><a href=\"http:\/\/www.gfs-umweltausschuss.de\/wp-content\/uploads\/SAM_1497-722.jpg\"><img loading=\"lazy\" decoding=\"async\" class=\"alignright size-thumbnail wp-image-3155\" title=\"SAM_1497-72\" src=\"http:\/\/www.gfs-umweltausschuss.de\/wp-content\/uploads\/SAM_1497-722-150x150.jpg\" alt=\"\" width=\"120\" height=\"120\" \/><\/a>Beim heutigen Arbeitseinsatz erhielten wir tatkr\u00e4ftige Unterst\u00fctzung von unseren Comenius-G\u00e4sten aus Italien.\u00a0Das Hantieren mit den Steinen f\u00fcr unseren Hang war keine leichte Arbeit, aber dank des Frontladers unseres Schulassistenten und so vieler helfender H\u00e4nde sind wir einen riesigen Schritt weitergekommen.\u00a0Molto grazie! &#8211; Thanks a lot! \u00a0&#8211; \u00a0Vielen Dank an alle Helfer!<\/p>\n<p>Die <a title=\"Schulgarten\" href=\"http:\/\/www.chsdb.net\/Category\/2012Schulgarten1\/24916742_pwfFjt\" target=\"_blank\">Bilder<\/a> sind online (ab Photo 385).<\/p>\n","protected":false},"excerpt":{"rendered":"<p>Beim heutigen Arbeitseinsatz erhielten wir tatkr\u00e4ftige Unterst\u00fctzung von unseren Comenius-G\u00e4sten aus Italien.\u00a0Das Hantieren mit den Steinen f\u00fcr unseren Hang war keine leichte Arbeit, aber dank des Frontladers unseres Schulassistenten und so vieler helfender H\u00e4nde sind wir einen riesigen Schritt weitergekommen.\u00a0Molto grazie! &#8211; Thanks a lot! \u00a0&#8211; \u00a0Vielen Dank an alle Helfer! Die Bilder sind online [&hellip;]<\/p>\n","protected":false},"author":3,"featured_media":0,"comment_status":"open","ping_status":"closed","sticky":false,"template":"","format":"standard","meta":{"footnotes":""},"categories":[9,4],"tags":[],"class_list":["post-3147","post","type-post","status-publish","format-standard","hentry","category-schulgarten","category-umweltaktionen"],"_links":{"self":[{"href":"https:\/\/www.gfs-umweltausschuss.de\/index.php?rest_route=\/wp\/v2\/posts\/3147","targetHints":{"allow":["GET"]}}],"collection":[{"href":"https:\/\/www.gfs-umweltausschuss.de\/index.php?rest_route=\/wp\/v2\/posts"}],"about":[{"href":"https:\/\/www.gfs-umweltausschuss.de\/index.php?rest_route=\/wp\/v2\/types\/post"}],"author":[{"embeddable":true,"href":"https:\/\/www.gfs-umweltausschuss.de\/index.php?rest_route=\/wp\/v2\/users\/3"}],"replies":[{"embeddable":true,"href":"https:\/\/www.gfs-umweltausschuss.de\/index.php?rest_route=%2Fwp%2Fv2%2Fcomments&post=3147"}],"version-history":[{"count":6,"href":"https:\/\/www.gfs-umweltausschuss.de\/index.php?rest_route=\/wp\/v2\/posts\/3147\/revisions"}],"predecessor-version":[{"id":3156,"href":"https:\/\/www.gfs-umweltausschuss.de\/index.php?rest_route=\/wp\/v2\/posts\/3147\/revisions\/3156"}],"wp:attachment":[{"href":"https:\/\/www.gfs-umweltausschuss.de\/index.php?rest_route=%2Fwp%2Fv2%2Fmedia&parent=3147"}],"wp:term":[{"taxonomy":"category","embeddable":true,"href":"https:\/\/www.gfs-umweltausschuss.de\/index.php?rest_route=%2Fwp%2Fv2%2Fcategories&post=3147"},{"taxonomy":"post_tag","embeddable":true,"href":"https:\/\/www.gfs-umweltausschuss.de\/index.php?rest_route=%2Fwp%2Fv2%2Ftags&post=3147"}],"curies":[{"name":"wp","href":"https:\/\/api.w.org\/{rel}","templated":true}]}}