{"id":3448,"date":"2013-10-31T19:19:35","date_gmt":"2013-10-31T17:19:35","guid":{"rendered":"http:\/\/www.gfs-umweltausschuss.de\/?p=3448"},"modified":"2013-11-02T18:14:54","modified_gmt":"2013-11-02T16:14:54","slug":"baumpflanzaktion-fur-die-klassen-5-2","status":"publish","type":"post","link":"https:\/\/www.gfs-umweltausschuss.de\/?p=3448","title":{"rendered":"Baumpflanzaktion f\u00fcr die Klassen 5"},"content":{"rendered":"<p><a href=\"http:\/\/www.gfs-umweltausschuss.de\/wp-content\/uploads\/DtUmweltstiftungBaumpflanzaktion.jpg\"><img loading=\"lazy\" decoding=\"async\" class=\"alignright size-thumbnail wp-image-2850\" title=\"DtUmweltstiftungBaumpflanzaktion\" src=\"http:\/\/www.gfs-umweltausschuss.de\/wp-content\/uploads\/DtUmweltstiftungBaumpflanzaktion-150x150.jpg\" alt=\"\" width=\"120\" height=\"120\" \/><\/a>Derzeit laufen die Vorbereitungen f\u00fcr die <a title=\"Baumpflanzen\" href=\"http:\/\/www.gfs-umweltausschuss.de\/wp-content\/uploads\/2013_Anschreiben_Baumpflanzaktion.pdf\" target=\"_blank\">Baumpflanzaktion der Klassen 5<\/a> am 7. November. Dank der Deutschen Umweltstiftung, der Rossmann GmbH und der Stadt Diepholz bekommt jeder GFS-F\u00fcnftkl\u00e4sser einen eigenen Baum, so dass ein kleiner GFS-F\u00fcnftkl\u00e4ssler-Wald entsteht. In der 6. Stunde findet f\u00fcr alle Beteiligten ein von den Eltern organisiertes Picknick im Schulgarten statt.<\/p>\n<p>Am Nachmittag desselben Tages gehen wir mit der Agenda 21 Diepholz ins Diepholzer Moor zum <strong>Entkusseln<\/strong>. Wer helfen will, ist sehr willkommen! Erster Treffpunkt ist um 13.30 Uhr, zweiter Treffpunkt um 13.50 Uhr im Roten Trakt vor dem Lehrerzimmer.<\/p>\n","protected":false},"excerpt":{"rendered":"<p>Derzeit laufen die Vorbereitungen f\u00fcr die Baumpflanzaktion der Klassen 5 am 7. November. Dank der Deutschen Umweltstiftung, der Rossmann GmbH und der Stadt Diepholz bekommt jeder GFS-F\u00fcnftkl\u00e4sser einen eigenen Baum, so dass ein kleiner GFS-F\u00fcnftkl\u00e4ssler-Wald entsteht. In der 6. Stunde findet f\u00fcr alle Beteiligten ein von den Eltern organisiertes Picknick im Schulgarten statt. Am Nachmittag [&hellip;]<\/p>\n","protected":false},"author":3,"featured_media":0,"comment_status":"open","ping_status":"closed","sticky":false,"template":"","format":"standard","meta":{"footnotes":""},"categories":[9,4],"tags":[],"class_list":["post-3448","post","type-post","status-publish","format-standard","hentry","category-schulgarten","category-umweltaktionen"],"_links":{"self":[{"href":"https:\/\/www.gfs-umweltausschuss.de\/index.php?rest_route=\/wp\/v2\/posts\/3448","targetHints":{"allow":["GET"]}}],"collection":[{"href":"https:\/\/www.gfs-umweltausschuss.de\/index.php?rest_route=\/wp\/v2\/posts"}],"about":[{"href":"https:\/\/www.gfs-umweltausschuss.de\/index.php?rest_route=\/wp\/v2\/types\/post"}],"author":[{"embeddable":true,"href":"https:\/\/www.gfs-umweltausschuss.de\/index.php?rest_route=\/wp\/v2\/users\/3"}],"replies":[{"embeddable":true,"href":"https:\/\/www.gfs-umweltausschuss.de\/index.php?rest_route=%2Fwp%2Fv2%2Fcomments&post=3448"}],"version-history":[{"count":6,"href":"https:\/\/www.gfs-umweltausschuss.de\/index.php?rest_route=\/wp\/v2\/posts\/3448\/revisions"}],"predecessor-version":[{"id":3463,"href":"https:\/\/www.gfs-umweltausschuss.de\/index.php?rest_route=\/wp\/v2\/posts\/3448\/revisions\/3463"}],"wp:attachment":[{"href":"https:\/\/www.gfs-umweltausschuss.de\/index.php?rest_route=%2Fwp%2Fv2%2Fmedia&parent=3448"}],"wp:term":[{"taxonomy":"category","embeddable":true,"href":"https:\/\/www.gfs-umweltausschuss.de\/index.php?rest_route=%2Fwp%2Fv2%2Fcategories&post=3448"},{"taxonomy":"post_tag","embeddable":true,"href":"https:\/\/www.gfs-umweltausschuss.de\/index.php?rest_route=%2Fwp%2Fv2%2Ftags&post=3448"}],"curies":[{"name":"wp","href":"https:\/\/api.w.org\/{rel}","templated":true}]}}