{"id":4008,"date":"2014-07-25T17:19:25","date_gmt":"2014-07-25T15:19:25","guid":{"rendered":"http:\/\/www.gfs-umweltausschuss.de\/?p=4008"},"modified":"2014-07-29T21:22:38","modified_gmt":"2014-07-29T19:22:38","slug":"schulgarten-59-arbeitseinsatz","status":"publish","type":"post","link":"https:\/\/www.gfs-umweltausschuss.de\/?p=4008","title":{"rendered":"Schulgarten &#8211; 59. Arbeitseinsatz"},"content":{"rendered":"<p><a href=\"http:\/\/www.gfs-umweltausschuss.de\/wp-content\/uploads\/2014_Juli24-72.jpg\"><img loading=\"lazy\" decoding=\"async\" class=\"alignright size-thumbnail wp-image-4009\" title=\"2014_Juli24-72\" src=\"http:\/\/www.gfs-umweltausschuss.de\/wp-content\/uploads\/2014_Juli24-72-150x150.jpg\" alt=\"\" width=\"120\" height=\"120\" \/><\/a>Wegen der Klassenfahrten war unsere Gruppe nicht vollst\u00e4ndig. Wir Daheimgebliebenen vers\u00fc\u00dften den heutigen Arbeitseinsatz \u00a0&#8211; \u00a0offiziell der letzte des Schuljahres 2013\/2014 \u00a0&#8211; \u00a0nach getaner Arbeit mit einem gemeinsamen Eisessen auf dem Steg.<\/p>\n<p>Auch in den Ferien treffen wir uns weiterhin w\u00f6chentlich. Der Termin liegt ab Donnerstag nicht nachmittags, sondern\u00a0<span style=\"color: #ff6600;\">vormittags ab 9.30 Uhr<\/span>.<\/p>\n","protected":false},"excerpt":{"rendered":"<p>Wegen der Klassenfahrten war unsere Gruppe nicht vollst\u00e4ndig. Wir Daheimgebliebenen vers\u00fc\u00dften den heutigen Arbeitseinsatz \u00a0&#8211; \u00a0offiziell der letzte des Schuljahres 2013\/2014 \u00a0&#8211; \u00a0nach getaner Arbeit mit einem gemeinsamen Eisessen auf dem Steg. Auch in den Ferien treffen wir uns weiterhin w\u00f6chentlich. Der Termin liegt ab Donnerstag nicht nachmittags, sondern\u00a0vormittags ab 9.30 Uhr.<\/p>\n","protected":false},"author":3,"featured_media":0,"comment_status":"open","ping_status":"closed","sticky":false,"template":"","format":"standard","meta":{"footnotes":""},"categories":[9,4],"tags":[],"class_list":["post-4008","post","type-post","status-publish","format-standard","hentry","category-schulgarten","category-umweltaktionen"],"_links":{"self":[{"href":"https:\/\/www.gfs-umweltausschuss.de\/index.php?rest_route=\/wp\/v2\/posts\/4008","targetHints":{"allow":["GET"]}}],"collection":[{"href":"https:\/\/www.gfs-umweltausschuss.de\/index.php?rest_route=\/wp\/v2\/posts"}],"about":[{"href":"https:\/\/www.gfs-umweltausschuss.de\/index.php?rest_route=\/wp\/v2\/types\/post"}],"author":[{"embeddable":true,"href":"https:\/\/www.gfs-umweltausschuss.de\/index.php?rest_route=\/wp\/v2\/users\/3"}],"replies":[{"embeddable":true,"href":"https:\/\/www.gfs-umweltausschuss.de\/index.php?rest_route=%2Fwp%2Fv2%2Fcomments&post=4008"}],"version-history":[{"count":5,"href":"https:\/\/www.gfs-umweltausschuss.de\/index.php?rest_route=\/wp\/v2\/posts\/4008\/revisions"}],"predecessor-version":[{"id":4017,"href":"https:\/\/www.gfs-umweltausschuss.de\/index.php?rest_route=\/wp\/v2\/posts\/4008\/revisions\/4017"}],"wp:attachment":[{"href":"https:\/\/www.gfs-umweltausschuss.de\/index.php?rest_route=%2Fwp%2Fv2%2Fmedia&parent=4008"}],"wp:term":[{"taxonomy":"category","embeddable":true,"href":"https:\/\/www.gfs-umweltausschuss.de\/index.php?rest_route=%2Fwp%2Fv2%2Fcategories&post=4008"},{"taxonomy":"post_tag","embeddable":true,"href":"https:\/\/www.gfs-umweltausschuss.de\/index.php?rest_route=%2Fwp%2Fv2%2Ftags&post=4008"}],"curies":[{"name":"wp","href":"https:\/\/api.w.org\/{rel}","templated":true}]}}