{"id":5115,"date":"2016-01-22T23:35:38","date_gmt":"2016-01-22T21:35:38","guid":{"rendered":"http:\/\/www.gfs-umweltausschuss.de\/?p=5115"},"modified":"2016-02-04T16:11:48","modified_gmt":"2016-02-04T14:11:48","slug":"besonderer-besuch","status":"publish","type":"post","link":"https:\/\/www.gfs-umweltausschuss.de\/?p=5115","title":{"rendered":"Besonderer Besuch"},"content":{"rendered":"<p><a href=\"http:\/\/www.gfs-umweltausschuss.de\/wp-content\/uploads\/2016_0122_Sakerfalke-721.jpg\"><img loading=\"lazy\" decoding=\"async\" class=\"alignright  wp-image-5133\" src=\"http:\/\/www.gfs-umweltausschuss.de\/wp-content\/uploads\/2016_0122_Sakerfalke-721-150x150.jpg\" alt=\"2016_0122_Sakerfalke-72\" width=\"121\" height=\"121\" \/><\/a>Einen ganz besonderen Besucher konnten die Sch\u00fcler heute im B\u00fcro des Hausmeisters bestaunen: einen Sakerfalken. Armin Tiemann (Kl. 6) lie\u00df er sogar an sich heran.<\/p>\n","protected":false},"excerpt":{"rendered":"<p>Einen ganz besonderen Besucher konnten die Sch\u00fcler heute im B\u00fcro des Hausmeisters bestaunen: einen Sakerfalken. Armin Tiemann (Kl. 6) lie\u00df er sogar an sich heran.<\/p>\n","protected":false},"author":3,"featured_media":0,"comment_status":"open","ping_status":"closed","sticky":false,"template":"","format":"standard","meta":{"footnotes":""},"categories":[1],"tags":[],"class_list":["post-5115","post","type-post","status-publish","format-standard","hentry","category-uncategorized"],"_links":{"self":[{"href":"https:\/\/www.gfs-umweltausschuss.de\/index.php?rest_route=\/wp\/v2\/posts\/5115","targetHints":{"allow":["GET"]}}],"collection":[{"href":"https:\/\/www.gfs-umweltausschuss.de\/index.php?rest_route=\/wp\/v2\/posts"}],"about":[{"href":"https:\/\/www.gfs-umweltausschuss.de\/index.php?rest_route=\/wp\/v2\/types\/post"}],"author":[{"embeddable":true,"href":"https:\/\/www.gfs-umweltausschuss.de\/index.php?rest_route=\/wp\/v2\/users\/3"}],"replies":[{"embeddable":true,"href":"https:\/\/www.gfs-umweltausschuss.de\/index.php?rest_route=%2Fwp%2Fv2%2Fcomments&post=5115"}],"version-history":[{"count":7,"href":"https:\/\/www.gfs-umweltausschuss.de\/index.php?rest_route=\/wp\/v2\/posts\/5115\/revisions"}],"predecessor-version":[{"id":5154,"href":"https:\/\/www.gfs-umweltausschuss.de\/index.php?rest_route=\/wp\/v2\/posts\/5115\/revisions\/5154"}],"wp:attachment":[{"href":"https:\/\/www.gfs-umweltausschuss.de\/index.php?rest_route=%2Fwp%2Fv2%2Fmedia&parent=5115"}],"wp:term":[{"taxonomy":"category","embeddable":true,"href":"https:\/\/www.gfs-umweltausschuss.de\/index.php?rest_route=%2Fwp%2Fv2%2Fcategories&post=5115"},{"taxonomy":"post_tag","embeddable":true,"href":"https:\/\/www.gfs-umweltausschuss.de\/index.php?rest_route=%2Fwp%2Fv2%2Ftags&post=5115"}],"curies":[{"name":"wp","href":"https:\/\/api.w.org\/{rel}","templated":true}]}}