{"id":5178,"date":"2016-02-18T22:55:13","date_gmt":"2016-02-18T20:55:13","guid":{"rendered":"http:\/\/www.gfs-umweltausschuss.de\/?p=5178"},"modified":"2016-02-18T22:55:13","modified_gmt":"2016-02-18T20:55:13","slug":"igelhotels-und-mikroskopieren","status":"publish","type":"post","link":"https:\/\/www.gfs-umweltausschuss.de\/?p=5178","title":{"rendered":"Igelhotels und Mikroskopieren"},"content":{"rendered":"<p><a href=\"http:\/\/www.gfs-umweltausschuss.de\/wp-content\/uploads\/2016_0218_Igehotels-Mikroskopieren.jpg\"><img loading=\"lazy\" decoding=\"async\" class=\"alignright  wp-image-5179\" src=\"http:\/\/www.gfs-umweltausschuss.de\/wp-content\/uploads\/2016_0218_Igehotels-Mikroskopieren-150x150.jpg\" alt=\"2016_0218_Igehotels+Mikroskopieren\" width=\"121\" height=\"121\" \/><\/a>Heute\u00a0gab es die Wahl zwischen Mikroskopieren und\u00a0Bohren\/Schrauben an den zuk\u00fcnftigen Igelhotels. Gro\u00dfen Spa\u00df gemacht hat beides.<\/p>\n<p>Am n\u00e4chsten Donnerstag treffen wir uns bereits <span style=\"color: #ff6600;\">um 13.30 Uhr<\/span>, um\u00a0zum Entkusseln ins Moor zu fahren. Gummistiefel \u00a0und Handschuhe nicht vergessen!<\/p>\n","protected":false},"excerpt":{"rendered":"<p>Heute\u00a0gab es die Wahl zwischen Mikroskopieren und\u00a0Bohren\/Schrauben an den zuk\u00fcnftigen Igelhotels. Gro\u00dfen Spa\u00df gemacht hat beides. Am n\u00e4chsten Donnerstag treffen wir uns bereits um 13.30 Uhr, um\u00a0zum Entkusseln ins Moor zu fahren. Gummistiefel \u00a0und Handschuhe nicht vergessen!<\/p>\n","protected":false},"author":3,"featured_media":0,"comment_status":"open","ping_status":"closed","sticky":false,"template":"","format":"standard","meta":{"footnotes":""},"categories":[5,4],"tags":[],"class_list":["post-5178","post","type-post","status-publish","format-standard","hentry","category-tipps-und-hinweise","category-umweltaktionen"],"_links":{"self":[{"href":"https:\/\/www.gfs-umweltausschuss.de\/index.php?rest_route=\/wp\/v2\/posts\/5178","targetHints":{"allow":["GET"]}}],"collection":[{"href":"https:\/\/www.gfs-umweltausschuss.de\/index.php?rest_route=\/wp\/v2\/posts"}],"about":[{"href":"https:\/\/www.gfs-umweltausschuss.de\/index.php?rest_route=\/wp\/v2\/types\/post"}],"author":[{"embeddable":true,"href":"https:\/\/www.gfs-umweltausschuss.de\/index.php?rest_route=\/wp\/v2\/users\/3"}],"replies":[{"embeddable":true,"href":"https:\/\/www.gfs-umweltausschuss.de\/index.php?rest_route=%2Fwp%2Fv2%2Fcomments&post=5178"}],"version-history":[{"count":1,"href":"https:\/\/www.gfs-umweltausschuss.de\/index.php?rest_route=\/wp\/v2\/posts\/5178\/revisions"}],"predecessor-version":[{"id":5180,"href":"https:\/\/www.gfs-umweltausschuss.de\/index.php?rest_route=\/wp\/v2\/posts\/5178\/revisions\/5180"}],"wp:attachment":[{"href":"https:\/\/www.gfs-umweltausschuss.de\/index.php?rest_route=%2Fwp%2Fv2%2Fmedia&parent=5178"}],"wp:term":[{"taxonomy":"category","embeddable":true,"href":"https:\/\/www.gfs-umweltausschuss.de\/index.php?rest_route=%2Fwp%2Fv2%2Fcategories&post=5178"},{"taxonomy":"post_tag","embeddable":true,"href":"https:\/\/www.gfs-umweltausschuss.de\/index.php?rest_route=%2Fwp%2Fv2%2Ftags&post=5178"}],"curies":[{"name":"wp","href":"https:\/\/api.w.org\/{rel}","templated":true}]}}