{"id":5214,"date":"2016-03-05T01:22:37","date_gmt":"2016-03-04T23:22:37","guid":{"rendered":"http:\/\/www.gfs-umweltausschuss.de\/?p=5214"},"modified":"2019-11-25T00:55:08","modified_gmt":"2019-11-24T22:55:08","slug":"2-mooreinsatz-mit-dieter-tornow","status":"publish","type":"post","link":"https:\/\/www.gfs-umweltausschuss.de\/?p=5214","title":{"rendered":"2. Mooreinsatz 2016 mit Dieter Tornow"},"content":{"rendered":"<p><a href=\"http:\/\/www.gfs-umweltausschuss.de\/wp-content\/uploads\/2016_M\u00e4rz3_Moor-72.jpg\"><img loading=\"lazy\" decoding=\"async\" class=\"alignright wp-image-5215\" src=\"http:\/\/www.gfs-umweltausschuss.de\/wp-content\/uploads\/2016_M\u00e4rz3_Moor-72-150x150.jpg\" alt=\"2016_M\u00e4rz3_Moor-72\" width=\"120\" height=\"120\" \/><\/a>Gro\u00dfen Spa\u00df hat&#8217;s wieder gemacht &#8230; zumal da der Regen p\u00fcnktlich zu unserem Einsatz aufh\u00f6rte. So haben wir bei guter Laune wieder viel geschafft.<\/p>\n<p>In der n\u00e4chsten Woche stehen Vorbereitungen f\u00fcr das Schulwald-Projekt an.<\/p>\n","protected":false},"excerpt":{"rendered":"<p>Gro\u00dfen Spa\u00df hat&#8217;s wieder gemacht &#8230; zumal da der Regen p\u00fcnktlich zu unserem Einsatz aufh\u00f6rte. So haben wir bei guter Laune wieder viel geschafft. In der n\u00e4chsten Woche stehen Vorbereitungen f\u00fcr das Schulwald-Projekt an.<\/p>\n","protected":false},"author":3,"featured_media":0,"comment_status":"open","ping_status":"closed","sticky":false,"template":"","format":"standard","meta":{"footnotes":""},"categories":[13,4],"tags":[],"class_list":["post-5214","post","type-post","status-publish","format-standard","hentry","category-moor","category-umweltaktionen"],"_links":{"self":[{"href":"https:\/\/www.gfs-umweltausschuss.de\/index.php?rest_route=\/wp\/v2\/posts\/5214","targetHints":{"allow":["GET"]}}],"collection":[{"href":"https:\/\/www.gfs-umweltausschuss.de\/index.php?rest_route=\/wp\/v2\/posts"}],"about":[{"href":"https:\/\/www.gfs-umweltausschuss.de\/index.php?rest_route=\/wp\/v2\/types\/post"}],"author":[{"embeddable":true,"href":"https:\/\/www.gfs-umweltausschuss.de\/index.php?rest_route=\/wp\/v2\/users\/3"}],"replies":[{"embeddable":true,"href":"https:\/\/www.gfs-umweltausschuss.de\/index.php?rest_route=%2Fwp%2Fv2%2Fcomments&post=5214"}],"version-history":[{"count":2,"href":"https:\/\/www.gfs-umweltausschuss.de\/index.php?rest_route=\/wp\/v2\/posts\/5214\/revisions"}],"predecessor-version":[{"id":5217,"href":"https:\/\/www.gfs-umweltausschuss.de\/index.php?rest_route=\/wp\/v2\/posts\/5214\/revisions\/5217"}],"wp:attachment":[{"href":"https:\/\/www.gfs-umweltausschuss.de\/index.php?rest_route=%2Fwp%2Fv2%2Fmedia&parent=5214"}],"wp:term":[{"taxonomy":"category","embeddable":true,"href":"https:\/\/www.gfs-umweltausschuss.de\/index.php?rest_route=%2Fwp%2Fv2%2Fcategories&post=5214"},{"taxonomy":"post_tag","embeddable":true,"href":"https:\/\/www.gfs-umweltausschuss.de\/index.php?rest_route=%2Fwp%2Fv2%2Ftags&post=5214"}],"curies":[{"name":"wp","href":"https:\/\/api.w.org\/{rel}","templated":true}]}}