{"id":5916,"date":"2016-11-05T01:18:09","date_gmt":"2016-11-04T23:18:09","guid":{"rendered":"http:\/\/www.gfs-umweltausschuss.de\/?p=5916"},"modified":"2016-11-05T01:19:49","modified_gmt":"2016-11-04T23:19:49","slug":"schulgarten-123-arbeitseinsatz","status":"publish","type":"post","link":"https:\/\/www.gfs-umweltausschuss.de\/?p=5916","title":{"rendered":"Schulgarten &#8211; 123. Arbeitseinsatz"},"content":{"rendered":"<p class=\"alignnone\"><a href=\"http:\/\/www.gfs-umweltausschuss.de\/wp-content\/uploads\/Schulgarten_2016_1103-72.jpg\" target=\"_blank\" rel=\"attachment wp-att-5917\"><img loading=\"lazy\" decoding=\"async\" class=\"alignleft wp-image-5917\" src=\"http:\/\/www.gfs-umweltausschuss.de\/wp-content\/uploads\/Schulgarten_2016_1103-72-150x150.jpg\" alt=\"schulgarten_2016_1103-72\" width=\"120\" height=\"120\" \/><\/a>Bei diesem Arbeitseinsatz waren Berge von Weidenzweigen entweder f\u00fcr das Storchennest auszusortieren, f\u00fcr den Cup der 5. Klassen zur\u00fcckzulegen oder zum Kompost zu bringen. Au\u00dferdem wurde wieder flei\u00dfig Mull gefahren und der Rasen ist ebenfalls wieder gem\u00e4ht. Viele flei\u00dfige H\u00e4nde, viel geschafft!<br \/>\nH. Tiedemann f\u00fchrte den\u00a0Sch\u00fclern die Kunst des Umgangs mit einer W\u00fcnschelrute vor. \u00a0Das Tier der Woche war die Assel.<\/p>\n","protected":false},"excerpt":{"rendered":"<p>Bei diesem Arbeitseinsatz waren Berge von Weidenzweigen entweder f\u00fcr das Storchennest auszusortieren, f\u00fcr den Cup der 5. Klassen zur\u00fcckzulegen oder zum Kompost zu bringen. Au\u00dferdem wurde wieder flei\u00dfig Mull gefahren und der Rasen ist ebenfalls wieder gem\u00e4ht. Viele flei\u00dfige H\u00e4nde, viel geschafft! H. Tiedemann f\u00fchrte den\u00a0Sch\u00fclern die Kunst des Umgangs mit einer W\u00fcnschelrute vor. \u00a0Das [&hellip;]<\/p>\n","protected":false},"author":3,"featured_media":0,"comment_status":"open","ping_status":"closed","sticky":false,"template":"","format":"standard","meta":{"footnotes":""},"categories":[9,4],"tags":[],"class_list":["post-5916","post","type-post","status-publish","format-standard","hentry","category-schulgarten","category-umweltaktionen"],"_links":{"self":[{"href":"https:\/\/www.gfs-umweltausschuss.de\/index.php?rest_route=\/wp\/v2\/posts\/5916","targetHints":{"allow":["GET"]}}],"collection":[{"href":"https:\/\/www.gfs-umweltausschuss.de\/index.php?rest_route=\/wp\/v2\/posts"}],"about":[{"href":"https:\/\/www.gfs-umweltausschuss.de\/index.php?rest_route=\/wp\/v2\/types\/post"}],"author":[{"embeddable":true,"href":"https:\/\/www.gfs-umweltausschuss.de\/index.php?rest_route=\/wp\/v2\/users\/3"}],"replies":[{"embeddable":true,"href":"https:\/\/www.gfs-umweltausschuss.de\/index.php?rest_route=%2Fwp%2Fv2%2Fcomments&post=5916"}],"version-history":[{"count":3,"href":"https:\/\/www.gfs-umweltausschuss.de\/index.php?rest_route=\/wp\/v2\/posts\/5916\/revisions"}],"predecessor-version":[{"id":5920,"href":"https:\/\/www.gfs-umweltausschuss.de\/index.php?rest_route=\/wp\/v2\/posts\/5916\/revisions\/5920"}],"wp:attachment":[{"href":"https:\/\/www.gfs-umweltausschuss.de\/index.php?rest_route=%2Fwp%2Fv2%2Fmedia&parent=5916"}],"wp:term":[{"taxonomy":"category","embeddable":true,"href":"https:\/\/www.gfs-umweltausschuss.de\/index.php?rest_route=%2Fwp%2Fv2%2Fcategories&post=5916"},{"taxonomy":"post_tag","embeddable":true,"href":"https:\/\/www.gfs-umweltausschuss.de\/index.php?rest_route=%2Fwp%2Fv2%2Ftags&post=5916"}],"curies":[{"name":"wp","href":"https:\/\/api.w.org\/{rel}","templated":true}]}}