{"id":6071,"date":"2017-02-02T22:21:32","date_gmt":"2017-02-02T20:21:32","guid":{"rendered":"http:\/\/www.gfs-umweltausschuss.de\/?p=6071"},"modified":"2019-11-25T00:52:03","modified_gmt":"2019-11-24T22:52:03","slug":"6071","status":"publish","type":"post","link":"https:\/\/www.gfs-umweltausschuss.de\/?p=6071","title":{"rendered":"Wasser, Ringelnatter, Moor und Schulgarten"},"content":{"rendered":"<p><a href=\"http:\/\/www.gfs-umweltausschuss.de\/wp-content\/uploads\/202017_DK_0128_Torfmoos-Klassenzimmer.jpg\"><img loading=\"lazy\" decoding=\"async\" class=\"alignleft wp-image-6073\" src=\"http:\/\/www.gfs-umweltausschuss.de\/wp-content\/uploads\/202017_DK_0128_Torfmoos-Klassenzimmer-150x150.jpg\" alt=\"\" width=\"120\" height=\"120\" \/><\/a><a href=\"http:\/\/www.gfs-umweltausschuss.de\/wp-content\/uploads\/Hinweis-Papierhandt\u00fccher.jpg\"><img loading=\"lazy\" decoding=\"async\" class=\"alignleft wp-image-6074\" src=\"http:\/\/www.gfs-umweltausschuss.de\/wp-content\/uploads\/Hinweis-Papierhandt\u00fccher-150x150.jpg\" alt=\"\" width=\"120\" height=\"120\" \/><\/a>Nachdem wir uns in der vergangenen Woche eine weitere Doppelstunde mit dem Thema &#8222;Wasser&#8220; besch\u00e4ftigt haben (s.u.), stand bei dem\u00a0heutigen Treffen wieder der Schulgarten im Mittelpunkt: Ein Teil von uns machte\u00a0mit Frau Buse drei unserer selbstgefertigten\u00a0<a href=\"http:\/\/www.gfs-umweltausschuss.de\/wp-content\/uploads\/2016_0211_Igelhotels-72.jpg\">Igel-Inns <\/a>wetterfest, ein Teil erledigte\u00a0mit Paul und mit Herrn Tiedemann\u00a0Winterarbeiten im\u00a0Garten, ein Teil brachte mit Frau Schmutte in den Klassenr\u00e4ume (lange \u00fcberf\u00e4llige) <a href=\"http:\/\/www.gfs-umweltausschuss.de\/wp-content\/uploads\/Hinweis-Papierhandt\u00fccher.jpg\">Hinweisschilder<\/a> f\u00fcr die Papierhandt\u00fccher an. Eingeleitet wurde das Treffen mit der Ringelnatter als dem Tier der Woche und mit dem <a href=\"http:\/\/www.gfs-umweltausschuss.de\/wp-content\/uploads\/2016_1124_Moorwelten-72.jpg\">Kurzfilm<\/a>, der mit uns in den &#8222;<a href=\"http:\/\/www.moorwelten.de\">Moorwelten<\/a>&#8220; in Wagenfeld-Str\u00f6men gedreht wurde.<\/p>\n","protected":false},"excerpt":{"rendered":"<p>Nachdem wir uns in der vergangenen Woche eine weitere Doppelstunde mit dem Thema &#8222;Wasser&#8220; besch\u00e4ftigt haben (s.u.), stand bei dem\u00a0heutigen Treffen wieder der Schulgarten im Mittelpunkt: Ein Teil von uns machte\u00a0mit Frau Buse drei unserer selbstgefertigten\u00a0Igel-Inns wetterfest, ein Teil erledigte\u00a0mit Paul und mit Herrn Tiedemann\u00a0Winterarbeiten im\u00a0Garten, ein Teil brachte mit Frau Schmutte in den Klassenr\u00e4ume [&hellip;]<\/p>\n","protected":false},"author":3,"featured_media":0,"comment_status":"open","ping_status":"closed","sticky":false,"template":"","format":"standard","meta":{"footnotes":""},"categories":[13,4],"tags":[],"class_list":["post-6071","post","type-post","status-publish","format-standard","hentry","category-moor","category-umweltaktionen"],"_links":{"self":[{"href":"https:\/\/www.gfs-umweltausschuss.de\/index.php?rest_route=\/wp\/v2\/posts\/6071","targetHints":{"allow":["GET"]}}],"collection":[{"href":"https:\/\/www.gfs-umweltausschuss.de\/index.php?rest_route=\/wp\/v2\/posts"}],"about":[{"href":"https:\/\/www.gfs-umweltausschuss.de\/index.php?rest_route=\/wp\/v2\/types\/post"}],"author":[{"embeddable":true,"href":"https:\/\/www.gfs-umweltausschuss.de\/index.php?rest_route=\/wp\/v2\/users\/3"}],"replies":[{"embeddable":true,"href":"https:\/\/www.gfs-umweltausschuss.de\/index.php?rest_route=%2Fwp%2Fv2%2Fcomments&post=6071"}],"version-history":[{"count":6,"href":"https:\/\/www.gfs-umweltausschuss.de\/index.php?rest_route=\/wp\/v2\/posts\/6071\/revisions"}],"predecessor-version":[{"id":6161,"href":"https:\/\/www.gfs-umweltausschuss.de\/index.php?rest_route=\/wp\/v2\/posts\/6071\/revisions\/6161"}],"wp:attachment":[{"href":"https:\/\/www.gfs-umweltausschuss.de\/index.php?rest_route=%2Fwp%2Fv2%2Fmedia&parent=6071"}],"wp:term":[{"taxonomy":"category","embeddable":true,"href":"https:\/\/www.gfs-umweltausschuss.de\/index.php?rest_route=%2Fwp%2Fv2%2Fcategories&post=6071"},{"taxonomy":"post_tag","embeddable":true,"href":"https:\/\/www.gfs-umweltausschuss.de\/index.php?rest_route=%2Fwp%2Fv2%2Ftags&post=6071"}],"curies":[{"name":"wp","href":"https:\/\/api.w.org\/{rel}","templated":true}]}}