{"id":6707,"date":"2017-11-13T11:05:03","date_gmt":"2017-11-13T09:05:03","guid":{"rendered":"http:\/\/www.gfs-umweltausschuss.de\/?p=6707"},"modified":"2017-11-13T11:07:18","modified_gmt":"2017-11-13T09:07:18","slug":"naturschutzwoche-fuer-kinder-projekttag-wald","status":"publish","type":"post","link":"https:\/\/www.gfs-umweltausschuss.de\/?p=6707","title":{"rendered":"Naturschutzwoche f\u00fcr Kinder &#8211; Projekttag &#8222;Wald&#8220;"},"content":{"rendered":"<p><a href=\"http:\/\/www.gfs-umweltausschuss.de\/wp-content\/uploads\/Wald_Stationen-72.jpg\" target=\"_blank\" rel=\"noopener\"><img loading=\"lazy\" decoding=\"async\" class=\"alignleft wp-image-6708\" src=\"http:\/\/www.gfs-umweltausschuss.de\/wp-content\/uploads\/Wald_Stationen-72-150x150.jpg\" alt=\"\" width=\"120\" height=\"120\" \/><\/a>Hier galt es, zun\u00e4chst f\u00fcnf Stationen mit Hintergrundwissen zum komplexen Thema &#8222;Wald&#8220; zu absolvieren. Beim anschlie\u00dfenden Sponsorenlauf sind die Sechstkl\u00e4ssler &#8222;<a href=\"http:\/\/www.gfs-diepholz.de\/gelaufen-wie-die-weltmeister\/\" target=\"_blank\" rel=\"noopener\">gelaufen wie die Weltmeister<\/a>&#8220; .<\/p>\n","protected":false},"excerpt":{"rendered":"<p>Hier galt es, zun\u00e4chst f\u00fcnf Stationen mit Hintergrundwissen zum komplexen Thema &#8222;Wald&#8220; zu absolvieren. Beim anschlie\u00dfenden Sponsorenlauf sind die Sechstkl\u00e4ssler &#8222;gelaufen wie die Weltmeister&#8220; .<\/p>\n","protected":false},"author":3,"featured_media":0,"comment_status":"open","ping_status":"closed","sticky":false,"template":"","format":"standard","meta":{"footnotes":""},"categories":[11,4],"tags":[],"class_list":["post-6707","post","type-post","status-publish","format-standard","hentry","category-schulwald","category-umweltaktionen"],"_links":{"self":[{"href":"https:\/\/www.gfs-umweltausschuss.de\/index.php?rest_route=\/wp\/v2\/posts\/6707","targetHints":{"allow":["GET"]}}],"collection":[{"href":"https:\/\/www.gfs-umweltausschuss.de\/index.php?rest_route=\/wp\/v2\/posts"}],"about":[{"href":"https:\/\/www.gfs-umweltausschuss.de\/index.php?rest_route=\/wp\/v2\/types\/post"}],"author":[{"embeddable":true,"href":"https:\/\/www.gfs-umweltausschuss.de\/index.php?rest_route=\/wp\/v2\/users\/3"}],"replies":[{"embeddable":true,"href":"https:\/\/www.gfs-umweltausschuss.de\/index.php?rest_route=%2Fwp%2Fv2%2Fcomments&post=6707"}],"version-history":[{"count":6,"href":"https:\/\/www.gfs-umweltausschuss.de\/index.php?rest_route=\/wp\/v2\/posts\/6707\/revisions"}],"predecessor-version":[{"id":6714,"href":"https:\/\/www.gfs-umweltausschuss.de\/index.php?rest_route=\/wp\/v2\/posts\/6707\/revisions\/6714"}],"wp:attachment":[{"href":"https:\/\/www.gfs-umweltausschuss.de\/index.php?rest_route=%2Fwp%2Fv2%2Fmedia&parent=6707"}],"wp:term":[{"taxonomy":"category","embeddable":true,"href":"https:\/\/www.gfs-umweltausschuss.de\/index.php?rest_route=%2Fwp%2Fv2%2Fcategories&post=6707"},{"taxonomy":"post_tag","embeddable":true,"href":"https:\/\/www.gfs-umweltausschuss.de\/index.php?rest_route=%2Fwp%2Fv2%2Ftags&post=6707"}],"curies":[{"name":"wp","href":"https:\/\/api.w.org\/{rel}","templated":true}]}}