{"id":7147,"date":"2018-08-23T22:24:37","date_gmt":"2018-08-23T20:24:37","guid":{"rendered":"http:\/\/www.gfs-umweltausschuss.de\/?p=7147"},"modified":"2019-06-21T22:47:16","modified_gmt":"2019-06-21T20:47:16","slug":"7147","status":"publish","type":"post","link":"https:\/\/www.gfs-umweltausschuss.de\/?p=7147","title":{"rendered":"\u00c4pfel aus dem Schulgarten und dem Schulwald"},"content":{"rendered":"<p><a href=\"http:\/\/www.gfs-umweltausschuss.de\/wp-content\/uploads\/2018_0823_Schulwald\u00e4pfel-72.jpg\" target=\"_blank\" rel=\"noopener\"><img loading=\"lazy\" decoding=\"async\" class=\"alignleft wp-image-7148\" src=\"http:\/\/www.gfs-umweltausschuss.de\/wp-content\/uploads\/2018_0823_Schulwald\u00e4pfel-72-150x150.jpg\" alt=\"\" width=\"120\" height=\"120\" \/><\/a>Nachdem es heute in beiden Pausen die ersten \u00c4pfel aus dem Schulwald (!) gab, folgen morgen (Freitag) die ersten \u00c4pfel dieses Jahres aus dem Schulgarten, ebenfalls in beiden gro\u00dfen Pausen in der Pausenhalle.<\/p>\n","protected":false},"excerpt":{"rendered":"<p>Nachdem es heute in beiden Pausen die ersten \u00c4pfel aus dem Schulwald (!) gab, folgen morgen (Freitag) die ersten \u00c4pfel dieses Jahres aus dem Schulgarten, ebenfalls in beiden gro\u00dfen Pausen in der Pausenhalle.<\/p>\n","protected":false},"author":3,"featured_media":0,"comment_status":"open","ping_status":"closed","sticky":false,"template":"","format":"standard","meta":{"footnotes":""},"categories":[9,11,4],"tags":[],"class_list":["post-7147","post","type-post","status-publish","format-standard","hentry","category-schulgarten","category-schulwald","category-umweltaktionen"],"_links":{"self":[{"href":"https:\/\/www.gfs-umweltausschuss.de\/index.php?rest_route=\/wp\/v2\/posts\/7147","targetHints":{"allow":["GET"]}}],"collection":[{"href":"https:\/\/www.gfs-umweltausschuss.de\/index.php?rest_route=\/wp\/v2\/posts"}],"about":[{"href":"https:\/\/www.gfs-umweltausschuss.de\/index.php?rest_route=\/wp\/v2\/types\/post"}],"author":[{"embeddable":true,"href":"https:\/\/www.gfs-umweltausschuss.de\/index.php?rest_route=\/wp\/v2\/users\/3"}],"replies":[{"embeddable":true,"href":"https:\/\/www.gfs-umweltausschuss.de\/index.php?rest_route=%2Fwp%2Fv2%2Fcomments&post=7147"}],"version-history":[{"count":5,"href":"https:\/\/www.gfs-umweltausschuss.de\/index.php?rest_route=\/wp\/v2\/posts\/7147\/revisions"}],"predecessor-version":[{"id":7826,"href":"https:\/\/www.gfs-umweltausschuss.de\/index.php?rest_route=\/wp\/v2\/posts\/7147\/revisions\/7826"}],"wp:attachment":[{"href":"https:\/\/www.gfs-umweltausschuss.de\/index.php?rest_route=%2Fwp%2Fv2%2Fmedia&parent=7147"}],"wp:term":[{"taxonomy":"category","embeddable":true,"href":"https:\/\/www.gfs-umweltausschuss.de\/index.php?rest_route=%2Fwp%2Fv2%2Fcategories&post=7147"},{"taxonomy":"post_tag","embeddable":true,"href":"https:\/\/www.gfs-umweltausschuss.de\/index.php?rest_route=%2Fwp%2Fv2%2Ftags&post=7147"}],"curies":[{"name":"wp","href":"https:\/\/api.w.org\/{rel}","templated":true}]}}