{"id":7335,"date":"2018-11-26T01:04:50","date_gmt":"2018-11-25T23:04:50","guid":{"rendered":"http:\/\/www.gfs-umweltausschuss.de\/?p=7335"},"modified":"2018-11-26T01:17:14","modified_gmt":"2018-11-25T23:17:14","slug":"eisige-welten-palmoel-und-plastikdeckel","status":"publish","type":"post","link":"https:\/\/www.gfs-umweltausschuss.de\/?p=7335","title":{"rendered":"&#8222;Eisige Welten&#8220;, Palm\u00f6l und Plastikdeckel"},"content":{"rendered":"<p><img loading=\"lazy\" decoding=\"async\" class=\"alignleft wp-image-7338\" src=\"http:\/\/www.gfs-umweltausschuss.de\/wp-content\/uploads\/frozen-planet-150x150.jpg\" alt=\"\" width=\"100\" height=\"100\" \/>Die Teilnehmer der Schulgarten-AG machten beim letzten Treffen mit der BBC einen virtuellen Ausflug in &#8222;Eisige Welten&#8220; (<a href=\"https:\/\/de.wikipedia.org\/wiki\/Eisige_Welten\" target=\"_blank\" rel=\"noopener\">gro\u00dfartiger Naturfilm<\/a>\u00a0&#8211; erh\u00e4ltlich in der Mediothek).<\/p>\n<p>In den letzten 20 min wurde anl\u00e4sslich des aktuellen Kurzfilms &#8222;<a href=\"https:\/\/www.youtube.com\/watch?time_continue=4&amp;v=JdpspllWI2o\" target=\"_blank\" rel=\"noopener\">Say hello to Rang-tan<\/a>&#8220; noch einmal das Thema <a href=\"https:\/\/www.regenwald.org\/themen\/palmoel\" target=\"_blank\" rel=\"noopener\">Palm\u00f6l<\/a> thematisiert.<\/p>\n<p><img loading=\"lazy\" decoding=\"async\" class=\"alignleft wp-image-7179\" src=\"http:\/\/www.gfs-umweltausschuss.de\/wp-content\/uploads\/Plastikdeckel-150x150.png\" alt=\"\" width=\"100\" height=\"100\" \/>Auch in diesem Monat konnte im Rahmen der Aktion &#8222;<a href=\"http:\/\/deckel-gegen-polio.de\" target=\"_blank\" rel=\"noopener\">Deckel gegen Polio<\/a>&#8220; wieder ein gro\u00dfer Sack Plastikdeckel weitergeleitet werden. Bitte flei\u00dfig weitersammeln!<\/p>\n<p>&nbsp;<\/p>\n","protected":false},"excerpt":{"rendered":"<p>Die Teilnehmer der Schulgarten-AG machten beim letzten Treffen mit der BBC einen virtuellen Ausflug in &#8222;Eisige Welten&#8220; (gro\u00dfartiger Naturfilm\u00a0&#8211; erh\u00e4ltlich in der Mediothek). In den letzten 20 min wurde anl\u00e4sslich des aktuellen Kurzfilms &#8222;Say hello to Rang-tan&#8220; noch einmal das Thema Palm\u00f6l thematisiert. Auch in diesem Monat konnte im Rahmen der Aktion &#8222;Deckel gegen Polio&#8220; [&hellip;]<\/p>\n","protected":false},"author":3,"featured_media":0,"comment_status":"open","ping_status":"closed","sticky":false,"template":"","format":"standard","meta":{"footnotes":""},"categories":[10,5,4],"tags":[],"class_list":["post-7335","post","type-post","status-publish","format-standard","hentry","category-tiere","category-tipps-und-hinweise","category-umweltaktionen"],"_links":{"self":[{"href":"https:\/\/www.gfs-umweltausschuss.de\/index.php?rest_route=\/wp\/v2\/posts\/7335","targetHints":{"allow":["GET"]}}],"collection":[{"href":"https:\/\/www.gfs-umweltausschuss.de\/index.php?rest_route=\/wp\/v2\/posts"}],"about":[{"href":"https:\/\/www.gfs-umweltausschuss.de\/index.php?rest_route=\/wp\/v2\/types\/post"}],"author":[{"embeddable":true,"href":"https:\/\/www.gfs-umweltausschuss.de\/index.php?rest_route=\/wp\/v2\/users\/3"}],"replies":[{"embeddable":true,"href":"https:\/\/www.gfs-umweltausschuss.de\/index.php?rest_route=%2Fwp%2Fv2%2Fcomments&post=7335"}],"version-history":[{"count":4,"href":"https:\/\/www.gfs-umweltausschuss.de\/index.php?rest_route=\/wp\/v2\/posts\/7335\/revisions"}],"predecessor-version":[{"id":7340,"href":"https:\/\/www.gfs-umweltausschuss.de\/index.php?rest_route=\/wp\/v2\/posts\/7335\/revisions\/7340"}],"wp:attachment":[{"href":"https:\/\/www.gfs-umweltausschuss.de\/index.php?rest_route=%2Fwp%2Fv2%2Fmedia&parent=7335"}],"wp:term":[{"taxonomy":"category","embeddable":true,"href":"https:\/\/www.gfs-umweltausschuss.de\/index.php?rest_route=%2Fwp%2Fv2%2Fcategories&post=7335"},{"taxonomy":"post_tag","embeddable":true,"href":"https:\/\/www.gfs-umweltausschuss.de\/index.php?rest_route=%2Fwp%2Fv2%2Ftags&post=7335"}],"curies":[{"name":"wp","href":"https:\/\/api.w.org\/{rel}","templated":true}]}}