{"id":7361,"date":"2018-12-08T19:36:20","date_gmt":"2018-12-08T17:36:20","guid":{"rendered":"http:\/\/www.gfs-umweltausschuss.de\/?p=7361"},"modified":"2019-01-18T01:18:57","modified_gmt":"2019-01-17T23:18:57","slug":"7361","status":"publish","type":"post","link":"https:\/\/www.gfs-umweltausschuss.de\/?p=7361","title":{"rendered":"167. und 168. Arbeitseinsatz im Schulgarten"},"content":{"rendered":"<p><a href=\"http:\/\/www.gfs-umweltausschuss.de\/wp-content\/uploads\/2018_1129_Weihnachtsbaum-72.jpg\" target=\"_blank\" rel=\"noopener\"><img loading=\"lazy\" decoding=\"async\" class=\"alignleft wp-image-7362\" src=\"http:\/\/www.gfs-umweltausschuss.de\/wp-content\/uploads\/2018_1129_Weihnachtsbaum-72-150x150.jpg\" alt=\"\" width=\"120\" height=\"120\" \/><\/a>&#8230; aber bei den letzten beiden Treffen nur mit der\u00a0halben Mannschaft. Die anderen schm\u00fcckten den Weihnachtsbaum ins der Pausenhalle mit Selbstgebasteltem und stellten Fr\u00f6belsterne her, die beim Weihnachtsbasar f\u00fcr einen guten Zweck verkauft werden sollen.<\/p>\n","protected":false},"excerpt":{"rendered":"<p>&#8230; aber bei den letzten beiden Treffen nur mit der\u00a0halben Mannschaft. Die anderen schm\u00fcckten den Weihnachtsbaum ins der Pausenhalle mit Selbstgebasteltem und stellten Fr\u00f6belsterne her, die beim Weihnachtsbasar f\u00fcr einen guten Zweck verkauft werden sollen.<\/p>\n","protected":false},"author":3,"featured_media":0,"comment_status":"open","ping_status":"closed","sticky":false,"template":"","format":"standard","meta":{"footnotes":""},"categories":[9,4],"tags":[],"class_list":["post-7361","post","type-post","status-publish","format-standard","hentry","category-schulgarten","category-umweltaktionen"],"_links":{"self":[{"href":"https:\/\/www.gfs-umweltausschuss.de\/index.php?rest_route=\/wp\/v2\/posts\/7361","targetHints":{"allow":["GET"]}}],"collection":[{"href":"https:\/\/www.gfs-umweltausschuss.de\/index.php?rest_route=\/wp\/v2\/posts"}],"about":[{"href":"https:\/\/www.gfs-umweltausschuss.de\/index.php?rest_route=\/wp\/v2\/types\/post"}],"author":[{"embeddable":true,"href":"https:\/\/www.gfs-umweltausschuss.de\/index.php?rest_route=\/wp\/v2\/users\/3"}],"replies":[{"embeddable":true,"href":"https:\/\/www.gfs-umweltausschuss.de\/index.php?rest_route=%2Fwp%2Fv2%2Fcomments&post=7361"}],"version-history":[{"count":10,"href":"https:\/\/www.gfs-umweltausschuss.de\/index.php?rest_route=\/wp\/v2\/posts\/7361\/revisions"}],"predecessor-version":[{"id":7421,"href":"https:\/\/www.gfs-umweltausschuss.de\/index.php?rest_route=\/wp\/v2\/posts\/7361\/revisions\/7421"}],"wp:attachment":[{"href":"https:\/\/www.gfs-umweltausschuss.de\/index.php?rest_route=%2Fwp%2Fv2%2Fmedia&parent=7361"}],"wp:term":[{"taxonomy":"category","embeddable":true,"href":"https:\/\/www.gfs-umweltausschuss.de\/index.php?rest_route=%2Fwp%2Fv2%2Fcategories&post=7361"},{"taxonomy":"post_tag","embeddable":true,"href":"https:\/\/www.gfs-umweltausschuss.de\/index.php?rest_route=%2Fwp%2Fv2%2Ftags&post=7361"}],"curies":[{"name":"wp","href":"https:\/\/api.w.org\/{rel}","templated":true}]}}