{"id":7573,"date":"2019-03-03T01:06:41","date_gmt":"2019-03-02T23:06:41","guid":{"rendered":"http:\/\/www.gfs-umweltausschuss.de\/?p=7573"},"modified":"2019-03-03T01:06:41","modified_gmt":"2019-03-02T23:06:41","slug":"schulgarten-170-arbeitseinsatz","status":"publish","type":"post","link":"https:\/\/www.gfs-umweltausschuss.de\/?p=7573","title":{"rendered":"Schulgarten  170. Arbeitseinsatz"},"content":{"rendered":"<p><a href=\"http:\/\/www.gfs-umweltausschuss.de\/wp-content\/uploads\/2019_0228_Schulgarten-72.jpg\" target=\"_blank\" rel=\"noopener\"><img loading=\"lazy\" decoding=\"async\" class=\"alignleft wp-image-7574\" src=\"http:\/\/www.gfs-umweltausschuss.de\/wp-content\/uploads\/2019_0228_Schulgarten-72-150x150.jpg\" alt=\"\" width=\"120\" height=\"120\" \/><\/a>Bei diesem Treffen begannen wir mit dem Bau eines neuen Weidenzaunes, karrten Erde f\u00fcr die Hochbeete heran, besserten die Steine auf dem Wall aus, f\u00fcllten die Vogelfutterstellen mit Sonnenblumenkernen auf und erledigten typische Fr\u00fchjahrsarbeiten im Garten.<\/p>\n","protected":false},"excerpt":{"rendered":"<p>Bei diesem Treffen begannen wir mit dem Bau eines neuen Weidenzaunes, karrten Erde f\u00fcr die Hochbeete heran, besserten die Steine auf dem Wall aus, f\u00fcllten die Vogelfutterstellen mit Sonnenblumenkernen auf und erledigten typische Fr\u00fchjahrsarbeiten im Garten.<\/p>\n","protected":false},"author":3,"featured_media":0,"comment_status":"open","ping_status":"closed","sticky":false,"template":"","format":"standard","meta":{"footnotes":""},"categories":[9],"tags":[],"class_list":["post-7573","post","type-post","status-publish","format-standard","hentry","category-schulgarten"],"_links":{"self":[{"href":"https:\/\/www.gfs-umweltausschuss.de\/index.php?rest_route=\/wp\/v2\/posts\/7573","targetHints":{"allow":["GET"]}}],"collection":[{"href":"https:\/\/www.gfs-umweltausschuss.de\/index.php?rest_route=\/wp\/v2\/posts"}],"about":[{"href":"https:\/\/www.gfs-umweltausschuss.de\/index.php?rest_route=\/wp\/v2\/types\/post"}],"author":[{"embeddable":true,"href":"https:\/\/www.gfs-umweltausschuss.de\/index.php?rest_route=\/wp\/v2\/users\/3"}],"replies":[{"embeddable":true,"href":"https:\/\/www.gfs-umweltausschuss.de\/index.php?rest_route=%2Fwp%2Fv2%2Fcomments&post=7573"}],"version-history":[{"count":1,"href":"https:\/\/www.gfs-umweltausschuss.de\/index.php?rest_route=\/wp\/v2\/posts\/7573\/revisions"}],"predecessor-version":[{"id":7575,"href":"https:\/\/www.gfs-umweltausschuss.de\/index.php?rest_route=\/wp\/v2\/posts\/7573\/revisions\/7575"}],"wp:attachment":[{"href":"https:\/\/www.gfs-umweltausschuss.de\/index.php?rest_route=%2Fwp%2Fv2%2Fmedia&parent=7573"}],"wp:term":[{"taxonomy":"category","embeddable":true,"href":"https:\/\/www.gfs-umweltausschuss.de\/index.php?rest_route=%2Fwp%2Fv2%2Fcategories&post=7573"},{"taxonomy":"post_tag","embeddable":true,"href":"https:\/\/www.gfs-umweltausschuss.de\/index.php?rest_route=%2Fwp%2Fv2%2Ftags&post=7573"}],"curies":[{"name":"wp","href":"https:\/\/api.w.org\/{rel}","templated":true}]}}