{"id":8005,"date":"2019-09-29T00:44:38","date_gmt":"2019-09-28T22:44:38","guid":{"rendered":"http:\/\/www.gfs-umweltausschuss.de\/?p=8005"},"modified":"2019-09-29T00:49:47","modified_gmt":"2019-09-28T22:49:47","slug":"188-arbeitseinsatz-im-schulgarten","status":"publish","type":"post","link":"https:\/\/www.gfs-umweltausschuss.de\/?p=8005","title":{"rendered":"188. Arbeitseinsatz im Schulgarten"},"content":{"rendered":"<p><a href=\"http:\/\/www.gfs-umweltausschuss.de\/wp-content\/uploads\/Schulgarten_188_2019_0926-72.jpg\" target=\"_blank\" rel=\"noopener noreferrer\"><img loading=\"lazy\" decoding=\"async\" class=\"alignleft wp-image-8009\" src=\"http:\/\/www.gfs-umweltausschuss.de\/wp-content\/uploads\/Schulgarten_188_2019_0926-72-150x150.jpg\" alt=\"\" width=\"120\" height=\"120\" \/><\/a>W\u00e4hrend sich der gr\u00f6\u00dfte Teil der Gruppe im Garten bet\u00e4tigte, zeigte Fr. Buse einigen Sch\u00fclern, wie sie (aus Schulgarten-\u00c4pfeln) ihr k\u00f6stliches Apfel-Chili-Chutney zaubert. Zum Abschluss bekam jeder ein kleines Glas mit nach Hause.<\/p>\n","protected":false},"excerpt":{"rendered":"<p>W\u00e4hrend sich der gr\u00f6\u00dfte Teil der Gruppe im Garten bet\u00e4tigte, zeigte Fr. Buse einigen Sch\u00fclern, wie sie (aus Schulgarten-\u00c4pfeln) ihr k\u00f6stliches Apfel-Chili-Chutney zaubert. Zum Abschluss bekam jeder ein kleines Glas mit nach Hause.<\/p>\n","protected":false},"author":3,"featured_media":0,"comment_status":"open","ping_status":"closed","sticky":false,"template":"","format":"standard","meta":{"footnotes":""},"categories":[9,4],"tags":[],"class_list":["post-8005","post","type-post","status-publish","format-standard","hentry","category-schulgarten","category-umweltaktionen"],"_links":{"self":[{"href":"https:\/\/www.gfs-umweltausschuss.de\/index.php?rest_route=\/wp\/v2\/posts\/8005","targetHints":{"allow":["GET"]}}],"collection":[{"href":"https:\/\/www.gfs-umweltausschuss.de\/index.php?rest_route=\/wp\/v2\/posts"}],"about":[{"href":"https:\/\/www.gfs-umweltausschuss.de\/index.php?rest_route=\/wp\/v2\/types\/post"}],"author":[{"embeddable":true,"href":"https:\/\/www.gfs-umweltausschuss.de\/index.php?rest_route=\/wp\/v2\/users\/3"}],"replies":[{"embeddable":true,"href":"https:\/\/www.gfs-umweltausschuss.de\/index.php?rest_route=%2Fwp%2Fv2%2Fcomments&post=8005"}],"version-history":[{"count":4,"href":"https:\/\/www.gfs-umweltausschuss.de\/index.php?rest_route=\/wp\/v2\/posts\/8005\/revisions"}],"predecessor-version":[{"id":8011,"href":"https:\/\/www.gfs-umweltausschuss.de\/index.php?rest_route=\/wp\/v2\/posts\/8005\/revisions\/8011"}],"wp:attachment":[{"href":"https:\/\/www.gfs-umweltausschuss.de\/index.php?rest_route=%2Fwp%2Fv2%2Fmedia&parent=8005"}],"wp:term":[{"taxonomy":"category","embeddable":true,"href":"https:\/\/www.gfs-umweltausschuss.de\/index.php?rest_route=%2Fwp%2Fv2%2Fcategories&post=8005"},{"taxonomy":"post_tag","embeddable":true,"href":"https:\/\/www.gfs-umweltausschuss.de\/index.php?rest_route=%2Fwp%2Fv2%2Ftags&post=8005"}],"curies":[{"name":"wp","href":"https:\/\/api.w.org\/{rel}","templated":true}]}}